{"id":10062,"date":"2025-08-31T17:38:30","date_gmt":"2025-08-31T20:38:30","guid":{"rendered":"https:\/\/folhadopirajucara.com.br\/?p=10062"},"modified":"2025-09-01T20:42:04","modified_gmt":"2025-09-01T23:42:04","slug":"camara-municipal-de-sao-lourenco-da-serra-realiza-audiencia-publica-sobre-a-ldo-2026","status":"publish","type":"post","link":"https:\/\/folhadopirajucara.com.br\/index.php\/2025\/08\/31\/camara-municipal-de-sao-lourenco-da-serra-realiza-audiencia-publica-sobre-a-ldo-2026\/","title":{"rendered":"C\u00e2mara Municipal de S\u00e3o Louren\u00e7o da Serra realiza Audi\u00eancia P\u00fablica sobre a LDO 2026"},"content":{"rendered":"<p>A C\u00e2mara Municipal de S\u00e3o Louren\u00e7o da Serra realizar\u00e1, no pr\u00f3ximo\u00a0<strong>dia 01 de setembro<\/strong>, uma\u00a0<strong>Audi\u00eancia P\u00fablica<\/strong>\u00a0para discutir a\u00a0<strong>elabora\u00e7\u00e3o do Projeto de Lei de Diretrizes Or\u00e7ament\u00e1rias (LDO) 2026<\/strong>.<\/p>\n<p>O encontro acontecer\u00e1 a partir das\u00a0<strong>19h<\/strong>, no\u00a0<strong>Plen\u00e1rio Aristides de Camargo na C\u00e2mara Municipal de S\u00e3o Louren\u00e7o da Serra<\/strong>, e ser\u00e1 aberto a toda a popula\u00e7\u00e3o.<\/p>\n<p>Segundo o presidente da C\u00e2mara Municipal, Wagner do Lava R\u00e1pido, \u201cA audi\u00eancia \u00e9 uma oportunidade para que os cidad\u00e3os participem ativamente do processo de constru\u00e7\u00e3o das diretrizes que v\u00e3o orientar a elabora\u00e7\u00e3o do or\u00e7amento municipal para o pr\u00f3ximo exerc\u00edcio\u201d.<\/p>\n<p>A LDO \u00e9 um dos principais instrumentos de planejamento do poder p\u00fablico, pois define as prioridades e metas da administra\u00e7\u00e3o, garantindo maior transpar\u00eancia e participa\u00e7\u00e3o social na gest\u00e3o dos recursos.<\/p>\n<p>A C\u00e2mara Municipal de S\u00e3o Louren\u00e7o da Serra refor\u00e7a a import\u00e2ncia da presen\u00e7a da comunidade, que poder\u00e1 contribuir com sugest\u00f5es e acompanhar de perto a defini\u00e7\u00e3o das prioridades para o munic\u00edpio.<\/p>\n<p>&nbsp;<\/p>\n<p style=\"text-align: center;\"><strong>Servi\u00e7o<\/strong><\/p>\n<p><strong>\u00a0<\/strong><\/p>\n<p><strong>Audi\u00eancia P\u00fablica<\/strong><\/p>\n<p><strong>01\/09\/2025 \u00e1s 19hs<\/strong><\/p>\n<p><strong><a href=\"https:\/\/www.bing.com\/ck\/a?!&amp;&amp;p=dd7b7bd1c44fbc76e16980e375dbed6c607548a08775beeec490cefb8ad0747bJmltdHM9MTc1NjU5ODQwMA&amp;ptn=3&amp;ver=2&amp;hsh=4&amp;fclid=3375cee3-3936-6842-249d-daa23887693b&amp;u=a1aHR0cHM6Ly93d3cuYmluZy5jb20vYWxpbmsvbGluaz91cmw9aHR0cHMlM2ElMmYlMmZjbXNscy5zcC5nb3YuYnIlMmYmc291cmNlPXNlcnAtbG9jYWwmaD1tQlA4WDNKdWJFN2lnUnFPMGlSZGFtOE16U0syanlZTjRtcWpPTG1YVkM4JTNkJnA9bHdfZ2J0JmlnPUYyNkY1NkExMjM1OTQ4OEFBM0Y2NDRFQzg5MEU5NEJCJnlwaWQ9WU43OTkzeDgzOTUyNTU0Ng&amp;ntb=1\">C\u00e2mara Municipal de S\u00e3o Louren\u00e7o da Serra<\/a><\/strong><\/p>\n<p><a href=\"https:\/\/www.bing.com\/ck\/a?!&amp;&amp;p=553d99e06db72ea71cc05c253b326d4b0a21666242b0d2e2ace1f14a9dc16f32JmltdHM9MTc1NjU5ODQwMA&amp;ptn=3&amp;ver=2&amp;hsh=4&amp;fclid=3375cee3-3936-6842-249d-daa23887693b&amp;u=a1L21hcHM_Jm1lcGk9MTA5fn5Ub3BPZlBhZ2V-QWRkcmVzc19MaW5rJnR5PTE4JnE9QyVDMyVBMm1hcmElMjBNdW5pY2lwYWwlMjBkZSUyMFMlQzMlQTNvJTIwTG91cmVuJUMzJUE3byUyMGRhJTIwU2VycmEmc3M9eXBpZC5ZTjc5OTN4ODM5NTI1NTQ2JnBwb2lzPS0yMy44NTMwNDgzMjQ1ODQ5Nl8tNDYuOTQzNDIwNDEwMTU2MjVfQyVDMyVBMm1hcmElMjBNdW5pY2lwYWwlMjBkZSUyMFMlQzMlQTNvJTIwTG91cmVuJUMzJUE3byUyMGRhJTIwU2VycmFfWU43OTkzeDgzOTUyNTU0Nn4mY3A9LTIzLjg1MzA0OH4tNDYuOTQzNDImdj0yJnNWPTEmRk9STT1NUFNSUEw&amp;ntb=1\">Rua Dez de Agosto 40, S\u00e3o Louren\u00e7o da Serra, SP, 06890-000<\/a><\/p>\n<p><a href=\"tel:1146861461\">(11) 4686-1461<\/a><\/p>\n<p>&nbsp;<\/p>\n<h6>(*) Eliane Souza<\/h6>\n","protected":false},"excerpt":{"rendered":"<p>A C\u00e2mara Municipal de S\u00e3o Louren\u00e7o da Serra realizar\u00e1, no pr\u00f3ximo\u00a0dia 01 de setembro, uma\u00a0Audi\u00eancia P\u00fablica\u00a0para discutir a\u00a0elabora\u00e7\u00e3o do Projeto<\/p>\n","protected":false},"author":3,"featured_media":1161,"comment_status":"open","ping_status":"open","sticky":false,"template":"","format":"standard","meta":{"footnotes":""},"categories":[1,4,8],"tags":[],"class_list":["post-10062","post","type-post","status-publish","format-standard","has-post-thumbnail","hentry","category-destaque","category-noticias","category-sao-lourenco"],"_links":{"self":[{"href":"https:\/\/folhadopirajucara.com.br\/index.php\/wp-json\/wp\/v2\/posts\/10062"}],"collection":[{"href":"https:\/\/folhadopirajucara.com.br\/index.php\/wp-json\/wp\/v2\/posts"}],"about":[{"href":"https:\/\/folhadopirajucara.com.br\/index.php\/wp-json\/wp\/v2\/types\/post"}],"author":[{"embeddable":true,"href":"https:\/\/folhadopirajucara.com.br\/index.php\/wp-json\/wp\/v2\/users\/3"}],"replies":[{"embeddable":true,"href":"https:\/\/folhadopirajucara.com.br\/index.php\/wp-json\/wp\/v2\/comments?post=10062"}],"version-history":[{"count":2,"href":"https:\/\/folhadopirajucara.com.br\/index.php\/wp-json\/wp\/v2\/posts\/10062\/revisions"}],"predecessor-version":[{"id":10065,"href":"https:\/\/folhadopirajucara.com.br\/index.php\/wp-json\/wp\/v2\/posts\/10062\/revisions\/10065"}],"wp:featuredmedia":[{"embeddable":true,"href":"https:\/\/folhadopirajucara.com.br\/index.php\/wp-json\/wp\/v2\/media\/1161"}],"wp:attachment":[{"href":"https:\/\/folhadopirajucara.com.br\/index.php\/wp-json\/wp\/v2\/media?parent=10062"}],"wp:term":[{"taxonomy":"category","embeddable":true,"href":"https:\/\/folhadopirajucara.com.br\/index.php\/wp-json\/wp\/v2\/categories?post=10062"},{"taxonomy":"post_tag","embeddable":true,"href":"https:\/\/folhadopirajucara.com.br\/index.php\/wp-json\/wp\/v2\/tags?post=10062"}],"curies":[{"name":"wp","href":"https:\/\/api.w.org\/{rel}","templated":true}]}}