{"id":10113,"date":"2025-09-12T10:52:00","date_gmt":"2025-09-12T13:52:00","guid":{"rendered":"https:\/\/folhadopirajucara.com.br\/?p=10113"},"modified":"2025-09-12T10:52:00","modified_gmt":"2025-09-12T13:52:00","slug":"setembro-chega-com-oportunidade-exclusivaglobal-protect-lanca-campanha-de-adesao-zero","status":"publish","type":"post","link":"https:\/\/folhadopirajucara.com.br\/index.php\/2025\/09\/12\/setembro-chega-com-oportunidade-exclusivaglobal-protect-lanca-campanha-de-adesao-zero\/","title":{"rendered":"Setembro chega com oportunidade exclusiva:Global Protect lan\u00e7a campanha de ades\u00e3o zero"},"content":{"rendered":"<blockquote>\n<p style=\"text-align: center;\"><strong>Iniciativa refor\u00e7a a miss\u00e3o da entidade em democratizar a prote\u00e7\u00e3o patrimonial mutualista com seguran\u00e7a jur\u00eddica e benef\u00edcios exclusivos<\/strong><\/p>\n<\/blockquote>\n<p>&nbsp;<\/p>\n<p dir=\"ltr\"><img loading=\"lazy\" decoding=\"async\" class=\"size-medium wp-image-10115 alignleft\" src=\"https:\/\/folhadopirajucara.com.br\/wp-content\/uploads\/2025\/09\/Setembro-chega-com-oportunidade-exclusiva-Global-Protect-lanca-campanha-de-adesao-zero_Arte-2-240x300.png\" alt=\"\" width=\"240\" height=\"300\" srcset=\"https:\/\/folhadopirajucara.com.br\/wp-content\/uploads\/2025\/09\/Setembro-chega-com-oportunidade-exclusiva-Global-Protect-lanca-campanha-de-adesao-zero_Arte-2-240x300.png 240w, https:\/\/folhadopirajucara.com.br\/wp-content\/uploads\/2025\/09\/Setembro-chega-com-oportunidade-exclusiva-Global-Protect-lanca-campanha-de-adesao-zero_Arte-2-819x1024.png 819w, https:\/\/folhadopirajucara.com.br\/wp-content\/uploads\/2025\/09\/Setembro-chega-com-oportunidade-exclusiva-Global-Protect-lanca-campanha-de-adesao-zero_Arte-2-768x960.png 768w, https:\/\/folhadopirajucara.com.br\/wp-content\/uploads\/2025\/09\/Setembro-chega-com-oportunidade-exclusiva-Global-Protect-lanca-campanha-de-adesao-zero_Arte-2.png 1080w\" sizes=\"(max-width: 240px) 100vw, 240px\" \/>A Global Protect, associa\u00e7\u00e3o de prote\u00e7\u00e3o patrimonial mutualista devidamente cadastrada na SUSEP (Superintend\u00eancia de Seguros Privados), acaba de lan\u00e7ar uma campanha especial v\u00e1lida em todo o m\u00eas de setembro: ades\u00e3o zero em todos os planos de prote\u00e7\u00e3o veicular.<\/p>\n<p dir=\"ltr\">Com quase 10 anos de atua\u00e7\u00e3o e consolidada como refer\u00eancia em transpar\u00eancia, legalidade e atendimento humanizado, a Global Protect refor\u00e7a, com esta iniciativa, seu compromisso de ampliar o acesso dos motoristas brasileiros a uma prote\u00e7\u00e3o patrimonial s\u00f3lida e confi\u00e1vel, sem barreiras de entrada.<\/p>\n<p dir=\"ltr\">\u201cNossa miss\u00e3o \u00e9 democratizar a prote\u00e7\u00e3o e garantir que mais pessoas tenham seguran\u00e7a real no dia a dia. A campanha de ades\u00e3o zero elimina um dos principais obst\u00e1culos para quem deseja associar-se, permitindo que o associado j\u00e1 inicie a sua jornada conosco com economia e tranquilidade\u201d, afirma Rog\u00e9rio Borges, presidente da Global Protect.<\/p>\n<p dir=\"ltr\">A promo\u00e7\u00e3o \u00e9 v\u00e1lida para novas ades\u00f5es em setembro, contemplando motoristas de aplicativo, taxistas, frotistas e propriet\u00e1rios de carros, vans e caminh\u00f5es leves. Entre os benef\u00edcios oferecidos est\u00e3o cobertura contra roubo, furto, colis\u00e3o e fen\u00f4menos da natureza, al\u00e9m de assist\u00eancia 24h e acesso ao clube de vantagens, que inclui descontos em redes parceiras, assist\u00eancia residencial e orienta\u00e7\u00e3o jur\u00eddica.<\/p>\n<p dir=\"ltr\">Al\u00e9m do diferencial financeiro, a Global Protect refor\u00e7a que o associado conta com a seguran\u00e7a jur\u00eddica garantida pela nova Lei Complementar n\u00ba 213\/2025, que regulamenta as associa\u00e7\u00f5es de prote\u00e7\u00e3o patrimonial mutualista no Brasil. Estar devidamente cadastrada na SUSEP, \u00f3rg\u00e3o vinculado ao Minist\u00e9rio da Fazenda, coloca a Global Protect entre as entidades autorizadas a operar de forma legal e transparente no setor.<\/p>\n<p dir=\"ltr\">\u201cMais do que um benef\u00edcio financeiro, esta campanha \u00e9 um convite para que motoristas fa\u00e7am parte de uma associa\u00e7\u00e3o s\u00f3lida, legalizada e comprometida com a real prote\u00e7\u00e3o do seu patrim\u00f4nio\u201d, complementa o advogado Dr. Douglas Procidelli, representante jur\u00eddico da associa\u00e7\u00e3o.<\/p>\n<h3 dir=\"ltr\">Sobre a Global Protect<\/h3>\n<p dir=\"ltr\">A Global Protect \u00e9 uma associa\u00e7\u00e3o cadastrada junto \u00e0 SUSEP, em conformidade com a Lei Complementar n\u00ba 213\/2025, estando plenamente adequada ao novo marco regulat\u00f3rio da prote\u00e7\u00e3o patrimonial mutualista.<\/p>\n<p dir=\"ltr\">Com quase uma d\u00e9cada de atua\u00e7\u00e3o, oferece solu\u00e7\u00f5es modernas e acess\u00edveis em prote\u00e7\u00e3o veicular, prezando pela transpar\u00eancia, governan\u00e7a ativa, custo-benef\u00edcio e atendimento humanizado. A associa\u00e7\u00e3o mant\u00e9m presen\u00e7a estrat\u00e9gica em S\u00e3o Paulo (Tabo\u00e3o da Serra) e em Minas Gerais (Belo Horizonte), al\u00e9m de canais digitais dispon\u00edveis em\u00a0<a href=\"http:\/\/globalprotectbr.com.br\/\" target=\"_blank\" rel=\"noopener\" data-saferedirecturl=\"https:\/\/www.google.com\/url?q=http:\/\/globalprotectbr.com.br&amp;source=gmail&amp;ust=1757770848321000&amp;usg=AOvVaw2x16cXmdnLhvoXHnKaOtZI\">globalprotectbr.com.br<\/a>\u00a0e no Instagram @globalprotectbr.<\/p>\n<p dir=\"ltr\">*Sugest\u00e3o de legenda: Campanha de ades\u00e3o zero refor\u00e7a o compromisso da Global Protect em oferecer prote\u00e7\u00e3o patrimonial mutualista acess\u00edvel e segura* &#8211; Cr\u00e9dito da foto\/arte: divulga\u00e7\u00e3o.<\/p>\n<p>&nbsp;<\/p>\n<h5 dir=\"ltr\">*Endere\u00e7os presenciais*<\/h5>\n<h5 dir=\"ltr\"><img decoding=\"async\" class=\"an1\" draggable=\"false\" src=\"https:\/\/fonts.gstatic.com\/s\/e\/notoemoji\/16.0\/1f4cd\/72.png\" alt=\"\ud83d\udccd\" data-emoji=\"\ud83d\udccd\" aria-label=\"\ud83d\udccd\" \/>\u00a0TABO\u00c3O DA SERRA \u2013 SP: Edif\u00edcio Metropolitan \u2013 Estrada S\u00e3o Francisco, 2008, sala 901, 9\u00ba andar<br \/>\n<img decoding=\"async\" class=\"an1\" draggable=\"false\" src=\"https:\/\/fonts.gstatic.com\/s\/e\/notoemoji\/16.0\/1f4cd\/72.png\" alt=\"\ud83d\udccd\" data-emoji=\"\ud83d\udccd\" aria-label=\"\ud83d\udccd\" \/>\u00a0BELO HORIZONTE \u2013 MG: Rua Araguari, 358 \u2013 Sala 1403 \u2013 Barro Preto<\/h5>\n<p dir=\"ltr\">\n<p dir=\"ltr\">\n<h6 dir=\"ltr\">(*) por <strong>Jornalista\u00a0<\/strong>Renata Gomes (RG Comunica\u00e7\u00e3o Estrat\u00e9gica)<\/h6>\n","protected":false},"excerpt":{"rendered":"<p>Iniciativa refor\u00e7a a miss\u00e3o da entidade em democratizar a prote\u00e7\u00e3o patrimonial mutualista com seguran\u00e7a jur\u00eddica e benef\u00edcios exclusivos &nbsp; A<\/p>\n","protected":false},"author":3,"featured_media":10114,"comment_status":"open","ping_status":"open","sticky":false,"template":"","format":"standard","meta":{"footnotes":""},"categories":[1,4,5],"tags":[],"class_list":["post-10113","post","type-post","status-publish","format-standard","has-post-thumbnail","hentry","category-destaque","category-noticias","category-pauta-livre"],"_links":{"self":[{"href":"https:\/\/folhadopirajucara.com.br\/index.php\/wp-json\/wp\/v2\/posts\/10113"}],"collection":[{"href":"https:\/\/folhadopirajucara.com.br\/index.php\/wp-json\/wp\/v2\/posts"}],"about":[{"href":"https:\/\/folhadopirajucara.com.br\/index.php\/wp-json\/wp\/v2\/types\/post"}],"author":[{"embeddable":true,"href":"https:\/\/folhadopirajucara.com.br\/index.php\/wp-json\/wp\/v2\/users\/3"}],"replies":[{"embeddable":true,"href":"https:\/\/folhadopirajucara.com.br\/index.php\/wp-json\/wp\/v2\/comments?post=10113"}],"version-history":[{"count":1,"href":"https:\/\/folhadopirajucara.com.br\/index.php\/wp-json\/wp\/v2\/posts\/10113\/revisions"}],"predecessor-version":[{"id":10116,"href":"https:\/\/folhadopirajucara.com.br\/index.php\/wp-json\/wp\/v2\/posts\/10113\/revisions\/10116"}],"wp:featuredmedia":[{"embeddable":true,"href":"https:\/\/folhadopirajucara.com.br\/index.php\/wp-json\/wp\/v2\/media\/10114"}],"wp:attachment":[{"href":"https:\/\/folhadopirajucara.com.br\/index.php\/wp-json\/wp\/v2\/media?parent=10113"}],"wp:term":[{"taxonomy":"category","embeddable":true,"href":"https:\/\/folhadopirajucara.com.br\/index.php\/wp-json\/wp\/v2\/categories?post=10113"},{"taxonomy":"post_tag","embeddable":true,"href":"https:\/\/folhadopirajucara.com.br\/index.php\/wp-json\/wp\/v2\/tags?post=10113"}],"curies":[{"name":"wp","href":"https:\/\/api.w.org\/{rel}","templated":true}]}}