{"id":10124,"date":"2025-09-12T12:04:18","date_gmt":"2025-09-12T15:04:18","guid":{"rendered":"https:\/\/folhadopirajucara.com.br\/?p=10124"},"modified":"2025-09-12T12:04:18","modified_gmt":"2025-09-12T15:04:18","slug":"itapecerica-da-serra-celebra-a-chegada-da-estacao-mais-florida-com-a-festa-da-primavera-nos-dias-27-e-28-de-setembro","status":"publish","type":"post","link":"https:\/\/folhadopirajucara.com.br\/index.php\/2025\/09\/12\/itapecerica-da-serra-celebra-a-chegada-da-estacao-mais-florida-com-a-festa-da-primavera-nos-dias-27-e-28-de-setembro\/","title":{"rendered":"Itapecerica da Serra celebra a chegada da esta\u00e7\u00e3o mais florida com a Festa da Primavera nos dias 27 e 28 de setembro"},"content":{"rendered":"<p>A Prefeitura de Itapecerica da Serra, por meio da Secretaria de Turismo, convida a todos para prestigiar a Festa da Primavera, que acontece nos dias 27 e 28 de setembro, na Pra\u00e7a da Fonte, das 13h \u00e0s 22h, com uma programa\u00e7\u00e3o musical diversificada e gratuita.<\/p>\n<p>O evento contar\u00e1 com\u00a0<strong>apresenta\u00e7\u00f5es musicais<\/strong>,\u00a0<strong>gastronomia variada<\/strong>,\u00a0<strong>exposi\u00e7\u00e3o e venda de flores<\/strong>,\u00a0<strong>pintura de rosto para a crian\u00e7ada<\/strong>\u00a0e\u00a0<strong>grafite ao vivo com o artista Paulo Zits<\/strong>.<\/p>\n<p>No s\u00e1bado (27), a anima\u00e7\u00e3o fica por conta do\u00a0<strong>DJ MAX<\/strong>, da\u00a0<strong>Banda Nova Jazz<\/strong>, de\u00a0<strong>Paulo Futuro e Banda<\/strong>\u00a0e do show especial da cantora\u00a0<strong>Luciana Mello<\/strong>.<\/p>\n<p>J\u00e1 no domingo (28), o p\u00fablico poder\u00e1 curtir novamente o set do\u00a0<strong>DJ MAX<\/strong>, al\u00e9m dos shows de\u00a0<strong>Costela Mendes<\/strong>,\u00a0<strong>Nath\u00e1lia Corte<\/strong>\u00a0e do cantor\u00a0<strong>Rick Vallen<\/strong>.<\/p>\n<p>A\u00a0<strong>Festa da Primavera<\/strong>\u00a0promete reunir lazer e divers\u00e3o em um ambiente familiar, celebrando a chegada da esta\u00e7\u00e3o mais colorida do ano.<\/p>\n<p><strong>Participe e traga a fam\u00edlia para viver momentos especiais em Itapecerica da Serra!<\/strong><\/p>\n<p>&nbsp;<\/p>\n<h6>(*) Depto Comun. PMIS<\/h6>\n","protected":false},"excerpt":{"rendered":"<p>A Prefeitura de Itapecerica da Serra, por meio da Secretaria de Turismo, convida a todos para prestigiar a Festa da<\/p>\n","protected":false},"author":3,"featured_media":10125,"comment_status":"open","ping_status":"open","sticky":false,"template":"","format":"standard","meta":{"footnotes":""},"categories":[1,16,4],"tags":[],"class_list":["post-10124","post","type-post","status-publish","format-standard","has-post-thumbnail","hentry","category-destaque","category-itapecerica-da-serra","category-noticias"],"_links":{"self":[{"href":"https:\/\/folhadopirajucara.com.br\/index.php\/wp-json\/wp\/v2\/posts\/10124"}],"collection":[{"href":"https:\/\/folhadopirajucara.com.br\/index.php\/wp-json\/wp\/v2\/posts"}],"about":[{"href":"https:\/\/folhadopirajucara.com.br\/index.php\/wp-json\/wp\/v2\/types\/post"}],"author":[{"embeddable":true,"href":"https:\/\/folhadopirajucara.com.br\/index.php\/wp-json\/wp\/v2\/users\/3"}],"replies":[{"embeddable":true,"href":"https:\/\/folhadopirajucara.com.br\/index.php\/wp-json\/wp\/v2\/comments?post=10124"}],"version-history":[{"count":1,"href":"https:\/\/folhadopirajucara.com.br\/index.php\/wp-json\/wp\/v2\/posts\/10124\/revisions"}],"predecessor-version":[{"id":10126,"href":"https:\/\/folhadopirajucara.com.br\/index.php\/wp-json\/wp\/v2\/posts\/10124\/revisions\/10126"}],"wp:featuredmedia":[{"embeddable":true,"href":"https:\/\/folhadopirajucara.com.br\/index.php\/wp-json\/wp\/v2\/media\/10125"}],"wp:attachment":[{"href":"https:\/\/folhadopirajucara.com.br\/index.php\/wp-json\/wp\/v2\/media?parent=10124"}],"wp:term":[{"taxonomy":"category","embeddable":true,"href":"https:\/\/folhadopirajucara.com.br\/index.php\/wp-json\/wp\/v2\/categories?post=10124"},{"taxonomy":"post_tag","embeddable":true,"href":"https:\/\/folhadopirajucara.com.br\/index.php\/wp-json\/wp\/v2\/tags?post=10124"}],"curies":[{"name":"wp","href":"https:\/\/api.w.org\/{rel}","templated":true}]}}