{"id":10142,"date":"2025-09-16T11:30:32","date_gmt":"2025-09-16T14:30:32","guid":{"rendered":"https:\/\/folhadopirajucara.com.br\/?p=10142"},"modified":"2025-09-16T11:30:32","modified_gmt":"2025-09-16T14:30:32","slug":"itapecerica-da-serra-abre-inscricoes-para-curso-gratuito-em-parceria-com-o-senai","status":"publish","type":"post","link":"https:\/\/folhadopirajucara.com.br\/index.php\/2025\/09\/16\/itapecerica-da-serra-abre-inscricoes-para-curso-gratuito-em-parceria-com-o-senai\/","title":{"rendered":"Itapecerica da Serra abre inscri\u00e7\u00f5es para curso gratuito em parceria com o SENAI"},"content":{"rendered":"<blockquote>\n<h3 class=\"post-title\" style=\"text-align: center;\"><strong>Prefeitura abre inscri\u00e7\u00f5es para curso gratuito de Tecnologia da Informa\u00e7\u00e3o em parceria com o SENAI<\/strong><\/h3>\n<\/blockquote>\n<p>&nbsp;<\/p>\n<p>A Prefeitura de Itapecerica da Serra, por meio do Departamento de Ind\u00fastria e Com\u00e9rcio da Secretaria de Governo, em parceria com o SENAI, informa que est\u00e3o abertas as inscri\u00e7\u00f5es para o curso gratuito de Tecnologia da Informa\u00e7\u00e3o (TI), voltado \u00e0 capacita\u00e7\u00e3o de jovens e adultos a partir dos 14 anos.<\/p>\n<p>O curso ser\u00e1 realizado no dia 4 de novembro, das 8h \u00e0s 12h, no audit\u00f3rio do Complexo Administrativo, localizado na Avenida Eduardo Roberto Daher, n\u00ba 1135 \u2013 Centro.<\/p>\n<p>A iniciativa tem como objetivo oferecer qualifica\u00e7\u00e3o profissional para atender \u00e0s novas demandas do mercado de trabalho, com conte\u00fados atualizados e foco em habilidades pr\u00e1ticas.<\/p>\n<p>Conte\u00fado program\u00e1tico:<\/p>\n<ul>\n<li>Fundamentos de Intelig\u00eancia Artificial Generativa \u2013 Google Cloud<\/li>\n<li>Fundamentos de Python 1<\/li>\n<li>Microsoft Power BI<\/li>\n<li>Redes de Computadores \u2013 Implanta\u00e7\u00e3o de Redes Locais<\/li>\n<\/ul>\n<p>As inscri\u00e7\u00f5es devem ser feitas presencialmente na Secretaria de Governo. O curso \u00e9 gratuito e representa uma excelente oportunidade para quem busca inser\u00e7\u00e3o ou atualiza\u00e7\u00e3o profissional na \u00e1rea de tecnologia.<\/p>\n<p>&nbsp;<\/p>\n<p>(*) Depto Comun. PMIS<\/p>\n","protected":false},"excerpt":{"rendered":"<p>Prefeitura abre inscri\u00e7\u00f5es para curso gratuito de Tecnologia da Informa\u00e7\u00e3o em parceria com o SENAI &nbsp; A Prefeitura de Itapecerica<\/p>\n","protected":false},"author":3,"featured_media":10143,"comment_status":"open","ping_status":"open","sticky":false,"template":"","format":"standard","meta":{"footnotes":""},"categories":[1,16,4],"tags":[],"class_list":["post-10142","post","type-post","status-publish","format-standard","has-post-thumbnail","hentry","category-destaque","category-itapecerica-da-serra","category-noticias"],"_links":{"self":[{"href":"https:\/\/folhadopirajucara.com.br\/index.php\/wp-json\/wp\/v2\/posts\/10142"}],"collection":[{"href":"https:\/\/folhadopirajucara.com.br\/index.php\/wp-json\/wp\/v2\/posts"}],"about":[{"href":"https:\/\/folhadopirajucara.com.br\/index.php\/wp-json\/wp\/v2\/types\/post"}],"author":[{"embeddable":true,"href":"https:\/\/folhadopirajucara.com.br\/index.php\/wp-json\/wp\/v2\/users\/3"}],"replies":[{"embeddable":true,"href":"https:\/\/folhadopirajucara.com.br\/index.php\/wp-json\/wp\/v2\/comments?post=10142"}],"version-history":[{"count":1,"href":"https:\/\/folhadopirajucara.com.br\/index.php\/wp-json\/wp\/v2\/posts\/10142\/revisions"}],"predecessor-version":[{"id":10144,"href":"https:\/\/folhadopirajucara.com.br\/index.php\/wp-json\/wp\/v2\/posts\/10142\/revisions\/10144"}],"wp:featuredmedia":[{"embeddable":true,"href":"https:\/\/folhadopirajucara.com.br\/index.php\/wp-json\/wp\/v2\/media\/10143"}],"wp:attachment":[{"href":"https:\/\/folhadopirajucara.com.br\/index.php\/wp-json\/wp\/v2\/media?parent=10142"}],"wp:term":[{"taxonomy":"category","embeddable":true,"href":"https:\/\/folhadopirajucara.com.br\/index.php\/wp-json\/wp\/v2\/categories?post=10142"},{"taxonomy":"post_tag","embeddable":true,"href":"https:\/\/folhadopirajucara.com.br\/index.php\/wp-json\/wp\/v2\/tags?post=10142"}],"curies":[{"name":"wp","href":"https:\/\/api.w.org\/{rel}","templated":true}]}}