{"id":10148,"date":"2025-09-16T11:42:24","date_gmt":"2025-09-16T14:42:24","guid":{"rendered":"https:\/\/folhadopirajucara.com.br\/?p=10148"},"modified":"2025-09-16T11:42:24","modified_gmt":"2025-09-16T14:42:24","slug":"embu-das-artes-rumo-ao-premio-top-destino-turistico-2025","status":"publish","type":"post","link":"https:\/\/folhadopirajucara.com.br\/index.php\/2025\/09\/16\/embu-das-artes-rumo-ao-premio-top-destino-turistico-2025\/","title":{"rendered":"Embu das Artes rumo ao pr\u00eamio \u201cTop Destino Tur\u00edstico 2025\u201d"},"content":{"rendered":"<p>Com o apoio da Secretaria de Turismo, Embu das Artes est\u00e1 concorrendo ao pr\u00eamio \u201cTop Destino Tur\u00edstico 2025\u201d nas categorias de turismo de compras, turismo religioso e turismo cultural. Sua participa\u00e7\u00e3o \u00e9 fundamental para essa conquista!<\/p>\n<p>Para apoiar nossa cidade nesta importante disputa, convidamos voc\u00ea a entrar no link abaixo e votar:<\/p>\n<p><a href=\"https:\/\/topdestinossp.com.br\/\">https:\/\/topdestinossp.com.br<\/a><\/p>\n<p>&nbsp;<\/p>\n<p style=\"text-align: center;\"><strong>Sobre o pr\u00eamio<\/strong><\/p>\n<p>&nbsp;<\/p>\n<p>Chegando \u00e0 sua 7\u00aa edi\u00e7\u00e3o, o Pr\u00eamio Top Destinos Tur\u00edsticos se consolidou como o selo mais significativo de reconhecimento aos munic\u00edpios e regi\u00f5es que investem no turismo como motor de desenvolvimento econ\u00f4mico.<\/p>\n<p>Idealizado pela Associa\u00e7\u00e3o dos Dirigentes de Vendas do Brasil (ADVB) e pela Sk\u00e5l Internacional S\u00e3o Paulo, essa premia\u00e7\u00e3o busca fomentar um sentimento de pertencimento na popula\u00e7\u00e3o local, resgatar a autoestima da comunidade e celebrar a hospitalidade.<\/p>\n<p>A vota\u00e7\u00e3o popular online, aliada ao julgamento de um j\u00fari t\u00e9cnico composto por especialistas respeitados em diversas \u00e1reas do turismo, garante que a qualidade dos atrativos tur\u00edsticos seja devidamente reconhecida. Portanto, votando, voc\u00ea n\u00e3o apenas apoia Embu das Artes, mas tamb\u00e9m se torna parte desse movimento de valoriza\u00e7\u00e3o do nosso patrim\u00f4nio cultural e tur\u00edstico.<\/p>\n<p>&nbsp;<\/p>\n<h6>(*) Sandra Martins \/ (*) foto: Acervo PMETEA<\/h6>\n","protected":false},"excerpt":{"rendered":"<p>Com o apoio da Secretaria de Turismo, Embu das Artes est\u00e1 concorrendo ao pr\u00eamio \u201cTop Destino Tur\u00edstico 2025\u201d nas categorias<\/p>\n","protected":false},"author":3,"featured_media":10149,"comment_status":"open","ping_status":"open","sticky":false,"template":"","format":"standard","meta":{"footnotes":""},"categories":[1,15,4],"tags":[],"class_list":["post-10148","post","type-post","status-publish","format-standard","has-post-thumbnail","hentry","category-destaque","category-embu-das-artes","category-noticias"],"_links":{"self":[{"href":"https:\/\/folhadopirajucara.com.br\/index.php\/wp-json\/wp\/v2\/posts\/10148"}],"collection":[{"href":"https:\/\/folhadopirajucara.com.br\/index.php\/wp-json\/wp\/v2\/posts"}],"about":[{"href":"https:\/\/folhadopirajucara.com.br\/index.php\/wp-json\/wp\/v2\/types\/post"}],"author":[{"embeddable":true,"href":"https:\/\/folhadopirajucara.com.br\/index.php\/wp-json\/wp\/v2\/users\/3"}],"replies":[{"embeddable":true,"href":"https:\/\/folhadopirajucara.com.br\/index.php\/wp-json\/wp\/v2\/comments?post=10148"}],"version-history":[{"count":1,"href":"https:\/\/folhadopirajucara.com.br\/index.php\/wp-json\/wp\/v2\/posts\/10148\/revisions"}],"predecessor-version":[{"id":10150,"href":"https:\/\/folhadopirajucara.com.br\/index.php\/wp-json\/wp\/v2\/posts\/10148\/revisions\/10150"}],"wp:featuredmedia":[{"embeddable":true,"href":"https:\/\/folhadopirajucara.com.br\/index.php\/wp-json\/wp\/v2\/media\/10149"}],"wp:attachment":[{"href":"https:\/\/folhadopirajucara.com.br\/index.php\/wp-json\/wp\/v2\/media?parent=10148"}],"wp:term":[{"taxonomy":"category","embeddable":true,"href":"https:\/\/folhadopirajucara.com.br\/index.php\/wp-json\/wp\/v2\/categories?post=10148"},{"taxonomy":"post_tag","embeddable":true,"href":"https:\/\/folhadopirajucara.com.br\/index.php\/wp-json\/wp\/v2\/tags?post=10148"}],"curies":[{"name":"wp","href":"https:\/\/api.w.org\/{rel}","templated":true}]}}