{"id":10546,"date":"2025-11-04T21:55:58","date_gmt":"2025-11-05T00:55:58","guid":{"rendered":"https:\/\/folhadopirajucara.com.br\/?p=10546"},"modified":"2025-11-04T21:58:07","modified_gmt":"2025-11-05T00:58:07","slug":"servidores-de-taboao-da-serra-exigem-r-1-000-de-vale-alimentacao-e-cobram-previsao-no-orcamento-de-2026","status":"publish","type":"post","link":"https:\/\/folhadopirajucara.com.br\/index.php\/2025\/11\/04\/servidores-de-taboao-da-serra-exigem-r-1-000-de-vale-alimentacao-e-cobram-previsao-no-orcamento-de-2026\/","title":{"rendered":"Servidores de Tabo\u00e3o da Serra Exigem R$ 1.000 de Vale-Alimenta\u00e7\u00e3o e Cobram Previs\u00e3o no Or\u00e7amento de 2026"},"content":{"rendered":"<div dir=\"auto\"><img loading=\"lazy\" decoding=\"async\" class=\"size-medium wp-image-10547 aligncenter\" src=\"https:\/\/folhadopirajucara.com.br\/wp-content\/uploads\/2025\/11\/SERVICO-PUBLICO-300x300.jpg\" alt=\"\" width=\"300\" height=\"300\" srcset=\"https:\/\/folhadopirajucara.com.br\/wp-content\/uploads\/2025\/11\/SERVICO-PUBLICO-300x300.jpg 300w, https:\/\/folhadopirajucara.com.br\/wp-content\/uploads\/2025\/11\/SERVICO-PUBLICO-150x150.jpg 150w, https:\/\/folhadopirajucara.com.br\/wp-content\/uploads\/2025\/11\/SERVICO-PUBLICO.jpg 650w\" sizes=\"(max-width: 300px) 100vw, 300px\" \/><\/div>\n<div dir=\"auto\"><\/div>\n<div dir=\"auto\">O funcionalismo p\u00fablico de Tabo\u00e3o da Serra formalizou um requerimento \u00e0 Prefeitura e \u00e0 C\u00e2mara Municipal, exigindo a inclus\u00e3o de verbas espec\u00edficas na Lei Or\u00e7ament\u00e1ria Anual (LOA) de 2026. O objetivo principal \u00e9 garantir a valoriza\u00e7\u00e3o da categoria e barrar a tradicional justificativa de &#8220;falta de previs\u00e3o or\u00e7ament\u00e1ria&#8221; para negar reajustes.<\/div>\n<div dir=\"auto\">As principais demandas financeiras visam melhorias significativas nos benef\u00edcios, em linha com a recente mobiliza\u00e7\u00e3o da categoria por melhores condi\u00e7\u00f5es de trabalho e salariais.<\/div>\n<div dir=\"auto\"><\/div>\n<div dir=\"auto\" style=\"text-align: center;\"><strong>As Tr\u00eas Principais Exig\u00eancias para 2026<\/strong><\/div>\n<div dir=\"auto\"><\/div>\n<div dir=\"auto\">Os servidores, que recentemente tiveram um reajuste salarial (4,77% em maio de 2025, segundo o Sindicato), agora focam na composi\u00e7\u00e3o dos benef\u00edcios:<\/div>\n<ul>\n<li dir=\"auto\">Vale-Alimenta\u00e7\u00e3o: Fixa\u00e7\u00e3o em R$ 1.000,00 (mil reais).<\/li>\n<li dir=\"auto\">Vale-Refei\u00e7\u00e3o: Equipara\u00e7\u00e3o ao valor recebido pelos servidores do pr\u00f3prio Legislativo.<\/li>\n<li dir=\"auto\">Vale-Transporte: Garantia do custeio integral (total).<\/li>\n<\/ul>\n<div dir=\"auto\">O documento, endere\u00e7ado a ambos os Poderes, critica o que chamam de &#8220;desculpa repetida ano ap\u00f3s ano&#8221; sobre a aus\u00eancia de recursos, alegando que tal pr\u00e1tica desrespeita a dignidade dos trabalhadores.<\/div>\n<div dir=\"auto\"><\/div>\n<div dir=\"auto\" style=\"text-align: center;\"><strong>Press\u00e3o com Base na Constitui\u00e7\u00e3o<\/strong><\/div>\n<div dir=\"auto\"><\/div>\n<div dir=\"auto\">A peti\u00e7\u00e3o adota um tom legalista para pressionar o Executivo e o Legislativo. Os servidores baseiam-se em:<\/div>\n<div dir=\"auto\">A Lei de Responsabilidade Fiscal (LRF), que obriga o planejamento or\u00e7ament\u00e1rio das despesas com pessoal.<\/div>\n<div dir=\"auto\">O Artigo 37, inciso X, da Constitui\u00e7\u00e3o Federal, que garante a revis\u00e3o geral anual (data-base).<\/div>\n<div dir=\"auto\">O princ\u00edpio do Sal\u00e1rio M\u00ednimo Necess\u00e1rio e a cita\u00e7\u00e3o da Lei Estadual n\u00ba 18.153\/2025, que fixou o sal\u00e1rio m\u00ednimo paulista em R$ 1.804,00.<\/div>\n<div dir=\"auto\">O texto conclui que a inclus\u00e3o dessas verbas &#8220;n\u00e3o \u00e9 um favor administrativo, mas um dever legal e constitucional&#8221;, e que a aus\u00eancia de previs\u00e3o or\u00e7ament\u00e1ria para a valoriza\u00e7\u00e3o do funcionalismo \u00e9 uma ofensa direta \u00e0 lei.<\/div>\n<div dir=\"auto\"><\/div>\n<div dir=\"auto\" style=\"text-align: center;\"><strong>Contexto da LOA 2026<\/strong><\/div>\n<div dir=\"auto\"><\/div>\n<div dir=\"auto\">A exig\u00eancia ocorre em um momento crucial do calend\u00e1rio municipal. A C\u00e2mara de Tabo\u00e3o da Serra j\u00e1 aprovou a Lei de Diretrizes Or\u00e7ament\u00e1rias (LDO) de 2026, com previs\u00e3o de R$ 1,39 bilh\u00e3o em receitas. A pr\u00f3xima etapa \u00e9 a vota\u00e7\u00e3o da Lei Or\u00e7ament\u00e1ria Anual (LOA), que definir\u00e1 o destino exato de cada recurso, incluindo as despesas de pessoal.<\/div>\n<div dir=\"auto\">Os servidores refor\u00e7am que a valoriza\u00e7\u00e3o da categoria \u00e9 &#8220;condi\u00e7\u00e3o essencial para garantir servi\u00e7os p\u00fablicos de qualidade&#8221; \u00e0 popula\u00e7\u00e3o de Tabo\u00e3o da Serra.<\/div>\n","protected":false},"excerpt":{"rendered":"<p>O funcionalismo p\u00fablico de Tabo\u00e3o da Serra formalizou um requerimento \u00e0 Prefeitura e \u00e0 C\u00e2mara Municipal, exigindo a inclus\u00e3o de<\/p>\n","protected":false},"author":3,"featured_media":10550,"comment_status":"open","ping_status":"open","sticky":false,"template":"","format":"standard","meta":{"footnotes":""},"categories":[1,4,10],"tags":[],"class_list":["post-10546","post","type-post","status-publish","format-standard","has-post-thumbnail","hentry","category-destaque","category-noticias","category-taboao-da-serra"],"_links":{"self":[{"href":"https:\/\/folhadopirajucara.com.br\/index.php\/wp-json\/wp\/v2\/posts\/10546"}],"collection":[{"href":"https:\/\/folhadopirajucara.com.br\/index.php\/wp-json\/wp\/v2\/posts"}],"about":[{"href":"https:\/\/folhadopirajucara.com.br\/index.php\/wp-json\/wp\/v2\/types\/post"}],"author":[{"embeddable":true,"href":"https:\/\/folhadopirajucara.com.br\/index.php\/wp-json\/wp\/v2\/users\/3"}],"replies":[{"embeddable":true,"href":"https:\/\/folhadopirajucara.com.br\/index.php\/wp-json\/wp\/v2\/comments?post=10546"}],"version-history":[{"count":3,"href":"https:\/\/folhadopirajucara.com.br\/index.php\/wp-json\/wp\/v2\/posts\/10546\/revisions"}],"predecessor-version":[{"id":10551,"href":"https:\/\/folhadopirajucara.com.br\/index.php\/wp-json\/wp\/v2\/posts\/10546\/revisions\/10551"}],"wp:featuredmedia":[{"embeddable":true,"href":"https:\/\/folhadopirajucara.com.br\/index.php\/wp-json\/wp\/v2\/media\/10550"}],"wp:attachment":[{"href":"https:\/\/folhadopirajucara.com.br\/index.php\/wp-json\/wp\/v2\/media?parent=10546"}],"wp:term":[{"taxonomy":"category","embeddable":true,"href":"https:\/\/folhadopirajucara.com.br\/index.php\/wp-json\/wp\/v2\/categories?post=10546"},{"taxonomy":"post_tag","embeddable":true,"href":"https:\/\/folhadopirajucara.com.br\/index.php\/wp-json\/wp\/v2\/tags?post=10546"}],"curies":[{"name":"wp","href":"https:\/\/api.w.org\/{rel}","templated":true}]}}