{"id":10643,"date":"2025-11-16T19:47:54","date_gmt":"2025-11-16T22:47:54","guid":{"rendered":"https:\/\/folhadopirajucara.com.br\/?p=10643"},"modified":"2025-11-16T19:47:54","modified_gmt":"2025-11-16T22:47:54","slug":"taboao-da-serra-o-luxo-do-natal-as-custas-do-funcionalismo-publico","status":"publish","type":"post","link":"https:\/\/folhadopirajucara.com.br\/index.php\/2025\/11\/16\/taboao-da-serra-o-luxo-do-natal-as-custas-do-funcionalismo-publico\/","title":{"rendered":"TABO\u00c3O DA SERRA: O LUXO DO NATAL \u00c0S CUSTAS DO FUNCIONALISMO P\u00daBLICO"},"content":{"rendered":"<div dir=\"auto\">A administra\u00e7\u00e3o municipal de Tabo\u00e3o da Serra vive um momento de completa dissocia\u00e7\u00e3o da realidade, operando sob a m\u00e1xima perversa de que privil\u00e9gios e festividades valem mais do que o trabalho e o sustento dos seus pr\u00f3prios servidores. A sequ\u00eancia de atos e omiss\u00f5es revela n\u00e3o apenas uma falta de planejamento, mas uma invers\u00e3o de prioridades que beira o esc\u00e1rnio. A crise explodiu no dia 31 de outubro, quando o sal\u00e1rio dos servidores atrasou. O choque foi duplo: no mesmo dia em que o servidor esperava seu vencimento, a Prefeitura realizava a nomea\u00e7\u00e3o de 39 cargos de chefia, indicando que, para o topo da estrutura, h\u00e1 sempre recurso dispon\u00edvel. A partir desse marco, as contradi\u00e7\u00f5es se acumularam em ritmo alarmante, desenhando um cen\u00e1rio de irresponsabilidade fiscal. Se, por um lado, a tesouraria alega estar apertada para pagar o sal\u00e1rio na data, a C\u00e2mara aprovou, no come\u00e7o de outubro, gratifica\u00e7\u00f5es que variam de 75% a 100% para os componentes da comiss\u00e3o de licita\u00e7\u00e3o. Enquanto isso, na ponta, foram realizados cortes nas horas extras dos funcion\u00e1rios de Tr\u00e2nsito e Transporte, penalizando quem faz o servi\u00e7o p\u00fablico rodar, sob a alega\u00e7\u00e3o de conten\u00e7\u00e3o de gastos. A administra\u00e7\u00e3o n\u00e3o hesitou em amea\u00e7ar o funcionalismo com a possibilidade de atrasos nos sal\u00e1rios de novembro e dezembro, e colocou em xeque o 13\u00ba sal\u00e1rio, um direito fundamental. Contudo, 11 dias ap\u00f3s o primeiro atraso, o Executivo anuncia a cria\u00e7\u00e3o de uma nova Secretaria Municipal, expandindo a m\u00e1quina p\u00fablica em meio \u00e0 alegada crise. O \u00e1pice dessa gest\u00e3o de contradi\u00e7\u00f5es \u00e9 o esc\u00e2ndalo dos R$ 2,5 milh\u00f5es previstos para o evento &#8220;Natal Iluminado&#8221;. \u00c9 inconceb\u00edvel que o munic\u00edpio alegue insolv\u00eancia para honrar o sal\u00e1rio e o 13\u00ba de seus trabalhadores, mas tenha a cifra milion\u00e1ria de R$ 2,5 milh\u00f5es dispon\u00edvel para gastar em luzes e decora\u00e7\u00e3o. A resposta \u00e9 clara: a prioridade n\u00e3o \u00e9 a responsabilidade fiscal nem o bem-estar do funcionalismo. A prioridade \u00e9 a vitrine pol\u00edtica e a satisfa\u00e7\u00e3o de estruturas internas com altos sal\u00e1rios e b\u00f4nus. O funcionalismo de Tabo\u00e3o da Serra n\u00e3o merece ser a v\u00edtima de um malabarismo financeiro que beneficia o topo e penaliza a base. \u00c9 fundamental que o Minist\u00e9rio P\u00fablico e a C\u00e2mara Municipal atuem para exigir transpar\u00eancia e, acima de tudo, reverter essa invers\u00e3o moral e financeira. O dinheiro que pagaria o 13\u00ba n\u00e3o pode ser desviado para acender luzes de Natal. \u00c9 hora de o Executivo de Tabo\u00e3o da Serra mostrar que sua responsabilidade \u00e9 com o povo e o trabalhador, e n\u00e3o com o espet\u00e1culo.<\/div>\n<div dir=\"auto\"><\/div>\n<div dir=\"auto\"><\/div>\n<div dir=\"auto\">M\u00e1rio Aparecido de Souza<\/div>\n<div dir=\"auto\">Jornalista Respons\u00e1vel<\/div>\n","protected":false},"excerpt":{"rendered":"<p>A administra\u00e7\u00e3o municipal de Tabo\u00e3o da Serra vive um momento de completa dissocia\u00e7\u00e3o da realidade, operando sob a m\u00e1xima perversa<\/p>\n","protected":false},"author":3,"featured_media":3098,"comment_status":"open","ping_status":"open","sticky":false,"template":"","format":"standard","meta":{"footnotes":""},"categories":[1,2,4],"tags":[],"class_list":["post-10643","post","type-post","status-publish","format-standard","has-post-thumbnail","hentry","category-destaque","category-editorial","category-noticias"],"_links":{"self":[{"href":"https:\/\/folhadopirajucara.com.br\/index.php\/wp-json\/wp\/v2\/posts\/10643"}],"collection":[{"href":"https:\/\/folhadopirajucara.com.br\/index.php\/wp-json\/wp\/v2\/posts"}],"about":[{"href":"https:\/\/folhadopirajucara.com.br\/index.php\/wp-json\/wp\/v2\/types\/post"}],"author":[{"embeddable":true,"href":"https:\/\/folhadopirajucara.com.br\/index.php\/wp-json\/wp\/v2\/users\/3"}],"replies":[{"embeddable":true,"href":"https:\/\/folhadopirajucara.com.br\/index.php\/wp-json\/wp\/v2\/comments?post=10643"}],"version-history":[{"count":1,"href":"https:\/\/folhadopirajucara.com.br\/index.php\/wp-json\/wp\/v2\/posts\/10643\/revisions"}],"predecessor-version":[{"id":10644,"href":"https:\/\/folhadopirajucara.com.br\/index.php\/wp-json\/wp\/v2\/posts\/10643\/revisions\/10644"}],"wp:featuredmedia":[{"embeddable":true,"href":"https:\/\/folhadopirajucara.com.br\/index.php\/wp-json\/wp\/v2\/media\/3098"}],"wp:attachment":[{"href":"https:\/\/folhadopirajucara.com.br\/index.php\/wp-json\/wp\/v2\/media?parent=10643"}],"wp:term":[{"taxonomy":"category","embeddable":true,"href":"https:\/\/folhadopirajucara.com.br\/index.php\/wp-json\/wp\/v2\/categories?post=10643"},{"taxonomy":"post_tag","embeddable":true,"href":"https:\/\/folhadopirajucara.com.br\/index.php\/wp-json\/wp\/v2\/tags?post=10643"}],"curies":[{"name":"wp","href":"https:\/\/api.w.org\/{rel}","templated":true}]}}