{"id":10646,"date":"2025-11-16T19:57:26","date_gmt":"2025-11-16T22:57:26","guid":{"rendered":"https:\/\/folhadopirajucara.com.br\/?p=10646"},"modified":"2025-11-16T19:57:26","modified_gmt":"2025-11-16T22:57:26","slug":"camara-de-taboao-aprova-secretaria-da-infancia-e-juventude-mas-silencia-sobre-reivindicacoes-de-servidores","status":"publish","type":"post","link":"https:\/\/folhadopirajucara.com.br\/index.php\/2025\/11\/16\/camara-de-taboao-aprova-secretaria-da-infancia-e-juventude-mas-silencia-sobre-reivindicacoes-de-servidores\/","title":{"rendered":"C\u00e2mara de Tabo\u00e3o Aprova Secretaria da Inf\u00e2ncia e Juventude, mas silencia sobre reivindica\u00e7\u00f5es de servidores"},"content":{"rendered":"<div dir=\"auto\">A C\u00e2mara Municipal de Tabo\u00e3o da Serra aprovou por unanimidade, em sess\u00e3o realizada no dia 11 de novembro de 2025, o projeto de lei para a cria\u00e7\u00e3o da Secretaria Municipal da Inf\u00e2ncia e Juventude. A iniciativa, que agora segue para san\u00e7\u00e3o do prefeito, tamb\u00e9m incluiu a mudan\u00e7a de nome da Secretaria Municipal de Cultura para Secretaria Municipal de Cultura, Economia e Ind\u00fastria Criativa.<\/div>\n<div dir=\"auto\">A aprova\u00e7\u00e3o foi um marco que contou com a colabora\u00e7\u00e3o essencial da promotora de Justi\u00e7a, Dra. Maria J\u00falia Kaial Cury, cuja recomenda\u00e7\u00e3o original, feita durante a Confer\u00eancia Municipal de Direitos Humanos e Cidadania em agosto, impulsionou a cria\u00e7\u00e3o da Secretaria da Inf\u00e2ncia e Juventude. A promotora acompanhou a vota\u00e7\u00e3o e celebrou o consenso e a parceria entre o Minist\u00e9rio P\u00fablico, o Legislativo e o Executivo.<\/div>\n<div dir=\"auto\"><\/div>\n<div dir=\"auto\" style=\"text-align: center;\"><strong>Parceria Entre MP, Legislativo e Executivo Garante o Novo \u00d3rg\u00e3o Municipal<\/strong><\/div>\n<div dir=\"auto\"><\/div>\n<div dir=\"auto\">Enquanto a parceria entre os poderes era celebrada para a cria\u00e7\u00e3o da Secretaria da Inf\u00e2ncia e Juventude, n\u00e3o houve qualquer men\u00e7\u00e3o ou discuss\u00e3o durante a mesma sess\u00e3o sobre as inten\u00e7\u00f5es do Sindicato dos Servidores P\u00fablicos de terem suas reivindica\u00e7\u00f5es salariais e de carreira inseridas na Lei Or\u00e7ament\u00e1ria Anual (LOA). Essa aus\u00eancia de debate sobre as demandas do funcionalismo contrasta com a r\u00e1pida aprova\u00e7\u00e3o do novo \u00f3rg\u00e3o municipal.<\/div>\n","protected":false},"excerpt":{"rendered":"<p>A C\u00e2mara Municipal de Tabo\u00e3o da Serra aprovou por unanimidade, em sess\u00e3o realizada no dia 11 de novembro de 2025,<\/p>\n","protected":false},"author":3,"featured_media":10647,"comment_status":"open","ping_status":"open","sticky":false,"template":"","format":"standard","meta":{"footnotes":""},"categories":[1,27,4,10],"tags":[],"class_list":["post-10646","post","type-post","status-publish","format-standard","has-post-thumbnail","hentry","category-destaque","category-destaque-2","category-noticias","category-taboao-da-serra"],"_links":{"self":[{"href":"https:\/\/folhadopirajucara.com.br\/index.php\/wp-json\/wp\/v2\/posts\/10646"}],"collection":[{"href":"https:\/\/folhadopirajucara.com.br\/index.php\/wp-json\/wp\/v2\/posts"}],"about":[{"href":"https:\/\/folhadopirajucara.com.br\/index.php\/wp-json\/wp\/v2\/types\/post"}],"author":[{"embeddable":true,"href":"https:\/\/folhadopirajucara.com.br\/index.php\/wp-json\/wp\/v2\/users\/3"}],"replies":[{"embeddable":true,"href":"https:\/\/folhadopirajucara.com.br\/index.php\/wp-json\/wp\/v2\/comments?post=10646"}],"version-history":[{"count":1,"href":"https:\/\/folhadopirajucara.com.br\/index.php\/wp-json\/wp\/v2\/posts\/10646\/revisions"}],"predecessor-version":[{"id":10648,"href":"https:\/\/folhadopirajucara.com.br\/index.php\/wp-json\/wp\/v2\/posts\/10646\/revisions\/10648"}],"wp:featuredmedia":[{"embeddable":true,"href":"https:\/\/folhadopirajucara.com.br\/index.php\/wp-json\/wp\/v2\/media\/10647"}],"wp:attachment":[{"href":"https:\/\/folhadopirajucara.com.br\/index.php\/wp-json\/wp\/v2\/media?parent=10646"}],"wp:term":[{"taxonomy":"category","embeddable":true,"href":"https:\/\/folhadopirajucara.com.br\/index.php\/wp-json\/wp\/v2\/categories?post=10646"},{"taxonomy":"post_tag","embeddable":true,"href":"https:\/\/folhadopirajucara.com.br\/index.php\/wp-json\/wp\/v2\/tags?post=10646"}],"curies":[{"name":"wp","href":"https:\/\/api.w.org\/{rel}","templated":true}]}}