{"id":10650,"date":"2025-11-18T15:54:22","date_gmt":"2025-11-18T18:54:22","guid":{"rendered":"https:\/\/folhadopirajucara.com.br\/?p=10650"},"modified":"2025-11-18T15:54:34","modified_gmt":"2025-11-18T18:54:34","slug":"camara-de-taboao-vira-as-costas-a-loa-2026-27-horas-e-maquina-de-manobras-para-boicotar-debate","status":"publish","type":"post","link":"https:\/\/folhadopirajucara.com.br\/index.php\/2025\/11\/18\/camara-de-taboao-vira-as-costas-a-loa-2026-27-horas-e-maquina-de-manobras-para-boicotar-debate\/","title":{"rendered":"C\u00c2MARA DE TABO\u00c3O VIRA AS COSTAS \u00c0 LOA 2026: 27 HORAS E M\u00c1QUINA DE MANOBRAS PARA BOICOTAR DEBATE"},"content":{"rendered":"<p>A Comiss\u00e3o de Or\u00e7amento e Finan\u00e7as da C\u00e2mara Municipal de Tabo\u00e3o da Serra est\u00e1 sob forte questionamento \u00e9tico e legal ap\u00f3s anunciar, \u00e0s 16:00 do dia 17 de novembro, a realiza\u00e7\u00e3o de uma Audi\u00eancia P\u00fablica crucial para debater a Lei Or\u00e7ament\u00e1ria Anual (LOA) de 2026. O evento est\u00e1 marcado para as 19:00 de hoje, dia 18 de novembro, concedendo \u00e0 popula\u00e7\u00e3o e \u00e0 sociedade civil apenas 27 horas para analisar o projeto e se organizar para a participa\u00e7\u00e3o.<\/p>\n<p>\u200bEspecialistas em Direito P\u00fablico alertam que o prazo ex\u00edguo desrespeita os princ\u00edpios da Publicidade e da Moralidade administrativa exigidos pela Constitui\u00e7\u00e3o Federal e pela Lei de Responsabilidade Fiscal (LRF). A LRF imp\u00f5e a ampla divulga\u00e7\u00e3o e o incentivo \u00e0 participa\u00e7\u00e3o popular nas discuss\u00f5es or\u00e7ament\u00e1rias. Ao notificar a comunidade com menos de 30 horas de anteced\u00eancia, a Casa Legislativa de Tabo\u00e3o da Serra pode ser acusada de promover um cumprimento meramente formal da lei, esvaziando o debate e a fiscaliza\u00e7\u00e3o sobre como ser\u00e1 gasto o dinheiro p\u00fablico no ano de 2026. A atitude mina a transpar\u00eancia e transforma a audi\u00eancia em um ato protocolar sem efetiva participa\u00e7\u00e3o democr\u00e1tica.<\/p>\n<p>&nbsp;<\/p>\n<h3>SIL\u00caNCIO INQUIETANTE E USO DE TEMPO QUESTION\u00c1VEL<\/h3>\n<p>Para agravar a situa\u00e7\u00e3o, durante a 35\u00aa Sess\u00e3o Ordin\u00e1ria, realizada hoje, 18 de novembro, o Presidente da C\u00e2mara Municipal n\u00e3o s\u00f3 evitou qualquer men\u00e7\u00e3o ao tema da Audi\u00eancia P\u00fablica sobre a LOA 2026, como tamb\u00e9m extrapolou seu pr\u00f3prio tempo de fala.<\/p>\n<p>\u200bAo utilizar o Artigo 102 do Regimento Interno daquela casa parlamentar (que concede 5 minutos ao parlamentar para manifesta\u00e7\u00e3o), o Presidente usou 10 minutos para discorrer sobre v\u00e1rios assuntos, sequer tocando no tema da audi\u00eancia que ocorrer\u00e1 esta noite, \u00e0s 19:00. A \u00fanica exce\u00e7\u00e3o de men\u00e7\u00e3o partiu do vereador Enfermeiro Rodney, que citou levemente a realiza\u00e7\u00e3o do evento noturno.<\/p>\n<p>\u200bAdemais, a Sess\u00e3o Ordin\u00e1ria, que deveria ter come\u00e7ado \u00e0s 10:00, conforme estabelece o Artigo 105 do Regimento Interno, teve in\u00edcio apenas \u00e0s 11:50. Mais uma vez, a C\u00e2mara desrespeita seu pr\u00f3prio regimento, somando a falta de pontualidade \u00e0 tentativa de sufocar a participa\u00e7\u00e3o popular no debate do or\u00e7amento.<br \/>\n\u200bO sil\u00eancio quase total do plen\u00e1rio, aliado ao uso estendido e desviado do tempo regimental pelo Presidente, e a viola\u00e7\u00e3o do hor\u00e1rio regimental, refor\u00e7a a percep\u00e7\u00e3o de que a audi\u00eancia, anunciada com apenas 27 horas de anteced\u00eancia, foi tratada como um cumprimento burocr\u00e1tico e n\u00e3o como um exerc\u00edcio democr\u00e1tico genu\u00edno. Tais manobras indicam uma clara tentativa de minimizar a publicidade e a participa\u00e7\u00e3o popular sobre o futuro or\u00e7amento do munic\u00edpio, privilegiando os interesses internos em detrimento da transpar\u00eancia p\u00fablica.<\/p>\n","protected":false},"excerpt":{"rendered":"<p>A Comiss\u00e3o de Or\u00e7amento e Finan\u00e7as da C\u00e2mara Municipal de Tabo\u00e3o da Serra est\u00e1 sob forte questionamento \u00e9tico e legal<\/p>\n","protected":false},"author":3,"featured_media":10651,"comment_status":"open","ping_status":"open","sticky":false,"template":"","format":"standard","meta":{"footnotes":""},"categories":[1,27,4,10],"tags":[],"class_list":["post-10650","post","type-post","status-publish","format-standard","has-post-thumbnail","hentry","category-destaque","category-destaque-2","category-noticias","category-taboao-da-serra"],"_links":{"self":[{"href":"https:\/\/folhadopirajucara.com.br\/index.php\/wp-json\/wp\/v2\/posts\/10650"}],"collection":[{"href":"https:\/\/folhadopirajucara.com.br\/index.php\/wp-json\/wp\/v2\/posts"}],"about":[{"href":"https:\/\/folhadopirajucara.com.br\/index.php\/wp-json\/wp\/v2\/types\/post"}],"author":[{"embeddable":true,"href":"https:\/\/folhadopirajucara.com.br\/index.php\/wp-json\/wp\/v2\/users\/3"}],"replies":[{"embeddable":true,"href":"https:\/\/folhadopirajucara.com.br\/index.php\/wp-json\/wp\/v2\/comments?post=10650"}],"version-history":[{"count":1,"href":"https:\/\/folhadopirajucara.com.br\/index.php\/wp-json\/wp\/v2\/posts\/10650\/revisions"}],"predecessor-version":[{"id":10652,"href":"https:\/\/folhadopirajucara.com.br\/index.php\/wp-json\/wp\/v2\/posts\/10650\/revisions\/10652"}],"wp:featuredmedia":[{"embeddable":true,"href":"https:\/\/folhadopirajucara.com.br\/index.php\/wp-json\/wp\/v2\/media\/10651"}],"wp:attachment":[{"href":"https:\/\/folhadopirajucara.com.br\/index.php\/wp-json\/wp\/v2\/media?parent=10650"}],"wp:term":[{"taxonomy":"category","embeddable":true,"href":"https:\/\/folhadopirajucara.com.br\/index.php\/wp-json\/wp\/v2\/categories?post=10650"},{"taxonomy":"post_tag","embeddable":true,"href":"https:\/\/folhadopirajucara.com.br\/index.php\/wp-json\/wp\/v2\/tags?post=10650"}],"curies":[{"name":"wp","href":"https:\/\/api.w.org\/{rel}","templated":true}]}}