{"id":10793,"date":"2025-12-17T11:10:26","date_gmt":"2025-12-17T14:10:26","guid":{"rendered":"https:\/\/folhadopirajucara.com.br\/?p=10793"},"modified":"2025-12-17T11:10:26","modified_gmt":"2025-12-17T14:10:26","slug":"dezembro-vermelho-campanha-nacional-de-prevencao-ao-hiv-aids-e-outras-infeccoes-sexualmente-transmissiveis","status":"publish","type":"post","link":"https:\/\/folhadopirajucara.com.br\/index.php\/2025\/12\/17\/dezembro-vermelho-campanha-nacional-de-prevencao-ao-hiv-aids-e-outras-infeccoes-sexualmente-transmissiveis\/","title":{"rendered":"Dezembro Vermelho: Campanha Nacional de Preven\u00e7\u00e3o ao HIV\/AIDS e outras Infec\u00e7\u00f5es Sexualmente Transmiss\u00edveis"},"content":{"rendered":"<p>Dezembro Vermelho \u00e9 uma campanha brasileira institu\u00edda em 2017 pela\u00a0<strong><a href=\"https:\/\/www.planalto.gov.br\/ccivil_03\/_ato2015-2018\/2017\/lei\/l13504.htm\">Lei n\u00ba 13.504<\/a>.<\/strong>\u00a0\u00c9 uma grande mobiliza\u00e7\u00e3o na luta contra o v\u00edrus HIV, a Aids e outras Infec\u00e7\u00f5es Sexualmente Transmiss\u00edveis, que objetiva conscientizar a todos sobre a preven\u00e7\u00e3o, a assist\u00eancia e a prote\u00e7\u00e3o dos\u00a0<strong><a href=\"https:\/\/antigo.aids.gov.br\/pt-br\/publico-geral\/direitos-das-pvha\">direitos das pessoas infectadas com o HIV<\/a><\/strong>.<\/p>\n<p>De acordo com a Lei, durante o m\u00eas dever\u00e1 ocorrer um conjunto de atividades e mobiliza\u00e7\u00f5es relacionadas ao enfrentamento do HIV\/AIDS e das demais infec\u00e7\u00f5es sexualmente transmiss\u00edveis, em conson\u00e2ncia com os princ\u00edpios do Sistema \u00danico de Sa\u00fade, de modo integrado em toda a administra\u00e7\u00e3o p\u00fablica, com entidades da sociedade civil organizada e organismos internacionais.<\/p>\n<p>Al\u00e9m de outras a\u00e7\u00f5es e atividades conexas, o movimento deve promover:<\/p>\n<p>\u2013 Ilumina\u00e7\u00e3o de pr\u00e9dios p\u00fablicos com luzes de cor vermelha;<br \/>\n\u2013 Promo\u00e7\u00e3o de palestras e atividades educativas;<br \/>\n\u2013 Veicula\u00e7\u00e3o de campanhas de m\u00eddia;<br \/>\n\u2013 Realiza\u00e7\u00e3o de eventos.<\/p>\n<p>HIV \u00e9 a sigla em ingl\u00eas do v\u00edrus da imunodefici\u00eancia humana. Causador da aids, ataca o sistema imunol\u00f3gico, respons\u00e1vel por defender o organismo de doen\u00e7as. As c\u00e9lulas mais atingidas s\u00e3o os linf\u00f3citos T CD4+. O HIV altera o DNA desses linf\u00f3citos e faz c\u00f3pias de si mesmo. Depois de se multiplicar, ele rompe os linf\u00f3citos em busca de outros, para continuar a infec\u00e7\u00e3o.<\/p>\n<p>Ao desenvolver a infec\u00e7\u00e3o, o organismo humano se torna mais vulner\u00e1vel a diversas doen\u00e7as, desde um simples resfriado a condi\u00e7\u00f5es mais graves como, por exemplo, tuberculose ou c\u00e2ncer.<\/p>\n<p>\u00c9 importante esclarecer que ter o HIV n\u00e3o \u00e9 o mesmo ter aids. H\u00e1 muitas pessoas infectadas pelo v\u00edrus mas que vivem anos sem apresentar sintomas e sem desenvolver a doen\u00e7a. Por\u00e9m, elas\u00a0 podem transmitir o v\u00edrus a outras pessoas pelas rela\u00e7\u00f5es sexuais desprotegidas, pelo compartilhamento de seringas contaminadas ou de m\u00e3e para filho durante a gravidez e a amamenta\u00e7\u00e3o, quando n\u00e3o s\u00e3o tomadas as medidas de preven\u00e7\u00e3o.<\/p>\n<p style=\"text-align: center;\"><strong>Transmiss\u00e3o do HIV<\/strong><\/p>\n<p>\u2013 Sexo vaginal, anal ou oral sem a prote\u00e7\u00e3o da camisinha;<br \/>\n\u2013 Uso compartilhado de seringas;<br \/>\n\u2013 Transfus\u00e3o de sangue contaminado;<br \/>\n\u2013 Da m\u00e3e infectada para seu filho durante a gravidez, no parto e na amamenta\u00e7\u00e3o;<br \/>\n\u2013 Ferimentos com instrumentos que furam ou cortam, quando n\u00e3o esterilizados.<\/p>\n<p>As Infec\u00e7\u00f5es Sexualmente Transmiss\u00edveis (IST) s\u00e3o causadas por v\u00edrus, bact\u00e9rias ou outros microrganismos e transmitidas, principalmente, por meio do contato sexual (oral, vaginal, anal) sem o uso de camisinha masculina ou feminina, com uma pessoa que esteja infectada.<\/p>\n<p>A transmiss\u00e3o de uma IST pode acontecer, ainda, da m\u00e3e para a crian\u00e7a durante a gesta\u00e7\u00e3o, o parto ou a amamenta\u00e7\u00e3o. De maneira menos comum, as IST tamb\u00e9m podem ser transmitidas por meio n\u00e3o sexual, pelo contato de mucosas ou pele n\u00e3o \u00edntegra com secre\u00e7\u00f5es corporais contaminadas.<\/p>\n<p style=\"text-align: center;\"><strong>Os tipos mais conhecidos de IST, s\u00e3o<\/strong><\/p>\n<p>\u2013 Herpes genital;<br \/>\n\u2013 Cancro mole (cancroide);<br \/>\n\u2013 Infec\u00e7\u00e3o pelo papilomav\u00edrus humano (HPV);<br \/>\n\u2013 Doen\u00e7a Inflamat\u00f3ria P\u00e9lvica (DIP);<br \/>\n\u2013 Donovanose;<br \/>\n\u2013 Gonorreia e infec\u00e7\u00e3o por Clam\u00eddia;<br \/>\n\u2013 Linfogranuloma ven\u00e9reo (LGV);<br \/>\n\u2013 S\u00edfilis;<br \/>\n\u2013 Infec\u00e7\u00e3o pelo HTLV;<br \/>\n\u2013 Tricomon\u00edase.<\/p>\n<p>Mais informa\u00e7\u00f5es sobre transmiss\u00e3o e sintomas de IST est\u00e3o dispon\u00edveis,\u00a0<strong><a href=\"https:\/\/www.gov.br\/saude\/pt-br\/assuntos\/saude-de-a-a-z\/i\/ist\">aqui!<\/a><\/strong><\/p>\n<p style=\"text-align: center;\"><strong><br \/>\nPreven\u00e7\u00e3o e controle<\/strong><\/p>\n<p>O m\u00e9todo mais eficaz para evitar a transmiss\u00e3o das IST, do HIV\/aids e das hepatites virais B e C, \u00e9 o uso de preservativo masculino ou feminino, em todas as rela\u00e7\u00f5es sexuais (orais, anais e vaginais). Ressalta-se, ainda, que o preservativo tamb\u00e9m pode evitar a gravidez, por\u00e9m, a orienta\u00e7\u00e3o \u00e9 de que, sempre que poss\u00edvel, seja realizada a dupla prote\u00e7\u00e3o: uso da camisinha e de outro m\u00e9todo anticonceptivo de escolha.<\/p>\n<p>J\u00e1 a preven\u00e7\u00e3o combinada associa diferentes formas de preven\u00e7\u00e3o ao HIV, \u00e0s IST e \u00e0s hepatites virais (ao mesmo tempo ou em sequ\u00eancia), conforme as caracter\u00edsticas e o momento de vida de cada pessoa. Entre os m\u00e9todos que podem ser combinados, est\u00e3o:<\/p>\n<p>\u2013 A testagem regular para o HIV, que pode ser realizada gratuitamente no Sistema \u00danico de Sa\u00fade (SUS);<br \/>\n\u2013 A preven\u00e7\u00e3o da transmiss\u00e3o vertical (quando o v\u00edrus \u00e9 transmitido para o beb\u00ea durante a gravidez, parto ou durante a amamenta\u00e7\u00e3o);<br \/>\n\u2013 O tratamento das infec\u00e7\u00f5es sexualmente transmiss\u00edveis e das hepatites virais;<br \/>\n\u2013 A imuniza\u00e7\u00e3o para HPV e hepatites A e B;<br \/>\n\u2013 Programas de redu\u00e7\u00e3o de danos para usu\u00e1rios de \u00e1lcool e outras subst\u00e2ncias;<br \/>\n\u2013 Profilaxia pr\u00e9-exposi\u00e7\u00e3o (PrEP);<br \/>\n\u2013 Profilaxia p\u00f3s-exposi\u00e7\u00e3o (PEP);<br \/>\n\u2013 Tratamento de pessoas que vivem com HIV.<\/p>\n<p style=\"text-align: center;\"><strong>Controle do HIV\/aids e IST<\/strong><\/p>\n<p>Pessoas com boa ades\u00e3o ao tratamento atingem n\u00edveis de carga viral t\u00e3o baixos que \u00e9 praticamente nula a chance de transmitirem o v\u00edrus da aids para outras pessoas. Al\u00e9m disso, quem toma o medicamento corretamente n\u00e3o adoece e garante a sua qualidade de vida.<\/p>\n<p>O controle das Infec\u00e7\u00f5es Sexualmente Transmiss\u00edveis n\u00e3o ocorre somente com o tratamento de quem busca ajuda nos servi\u00e7os de sa\u00fade. Para interromper a transmiss\u00e3o dessas infec\u00e7\u00f5es e evitar a reinfec\u00e7\u00e3o, \u00e9 fundamental que as parcerias tamb\u00e9m sejam testadas e tratadas, com orienta\u00e7\u00e3o de um profissional de sa\u00fade.<\/p>\n<p>As parcerias sexuais devem ser alertadas sempre que uma IST for diagnosticada. \u00c9 importante informar sobre as formas de cont\u00e1gio, o risco de infec\u00e7\u00e3o, a necessidade de atendimento em uma unidade de sa\u00fade, as medidas de preven\u00e7\u00e3o e tratamento (ex.: rela\u00e7\u00e3o sexual com uso de camisinha masculina ou feminina at\u00e9 que a parceria seja tratada e orientada).<\/p>\n<p>&nbsp;<\/p>\n<p><strong>Fontes<\/strong>:<\/p>\n<p>\u2013\u00a0<a href=\"https:\/\/www.gov.br\/ans\/pt-br\/assuntos\/noticias\/sobre-ans\/dezembro-vermelho-mes-de-luta-contra-a-aids-hiv-e-outras-ists\">Ag\u00eancia Nacional de Sa\u00fade Suplementar (ANS)<\/a><br \/>\n\u2013\u00a0<a href=\"https:\/\/www.gov.br\/aids\/pt-br\/assuntos\/ist\/infeccoes-sexualmente-transmissiveis\">Minist\u00e9rio da Sa\u00fade. Departamento de HIV, Aids, Tuberculose, Hepatites Virais e Infec\u00e7\u00f5es Sexualmente Transmiss\u00edveis<\/a><br \/>\n\u2013\u00a0<a href=\"https:\/\/www.gov.br\/saude\/pt-br\/assuntos\/saude-de-a-a-z\/a\/aids-hiv\">Minist\u00e9rio da Sa\u00fade. Sa\u00fade de A a Z: Aids\/HIV<\/a><br \/>\n\u2013\u00a0<a href=\"https:\/\/www.gov.br\/saude\/pt-br\/assuntos\/saude-de-a-a-z\/i\/ist\">Minist\u00e9rio da Sa\u00fade. Sa\u00fade de A a Z: IST<\/a><br \/>\n\u2013\u00a0<a href=\"http:\/\/sfpmis.org.br\/dezembro-vermelho-campanha-alerta-sobre-a-prevencao-a-aids-e-outras-dsts\/\">Sindicato dos Funcion\u00e1rios P\u00fablicos Municipais de Itapecerica da Serra (SP)<\/a><\/p>\n","protected":false},"excerpt":{"rendered":"<p>Dezembro Vermelho \u00e9 uma campanha brasileira institu\u00edda em 2017 pela\u00a0Lei n\u00ba 13.504.\u00a0\u00c9 uma grande mobiliza\u00e7\u00e3o na luta contra o v\u00edrus<\/p>\n","protected":false},"author":3,"featured_media":10794,"comment_status":"open","ping_status":"open","sticky":false,"template":"","format":"standard","meta":{"footnotes":""},"categories":[1,27,4,5],"tags":[],"class_list":["post-10793","post","type-post","status-publish","format-standard","has-post-thumbnail","hentry","category-destaque","category-destaque-2","category-noticias","category-pauta-livre"],"_links":{"self":[{"href":"https:\/\/folhadopirajucara.com.br\/index.php\/wp-json\/wp\/v2\/posts\/10793"}],"collection":[{"href":"https:\/\/folhadopirajucara.com.br\/index.php\/wp-json\/wp\/v2\/posts"}],"about":[{"href":"https:\/\/folhadopirajucara.com.br\/index.php\/wp-json\/wp\/v2\/types\/post"}],"author":[{"embeddable":true,"href":"https:\/\/folhadopirajucara.com.br\/index.php\/wp-json\/wp\/v2\/users\/3"}],"replies":[{"embeddable":true,"href":"https:\/\/folhadopirajucara.com.br\/index.php\/wp-json\/wp\/v2\/comments?post=10793"}],"version-history":[{"count":1,"href":"https:\/\/folhadopirajucara.com.br\/index.php\/wp-json\/wp\/v2\/posts\/10793\/revisions"}],"predecessor-version":[{"id":10795,"href":"https:\/\/folhadopirajucara.com.br\/index.php\/wp-json\/wp\/v2\/posts\/10793\/revisions\/10795"}],"wp:featuredmedia":[{"embeddable":true,"href":"https:\/\/folhadopirajucara.com.br\/index.php\/wp-json\/wp\/v2\/media\/10794"}],"wp:attachment":[{"href":"https:\/\/folhadopirajucara.com.br\/index.php\/wp-json\/wp\/v2\/media?parent=10793"}],"wp:term":[{"taxonomy":"category","embeddable":true,"href":"https:\/\/folhadopirajucara.com.br\/index.php\/wp-json\/wp\/v2\/categories?post=10793"},{"taxonomy":"post_tag","embeddable":true,"href":"https:\/\/folhadopirajucara.com.br\/index.php\/wp-json\/wp\/v2\/tags?post=10793"}],"curies":[{"name":"wp","href":"https:\/\/api.w.org\/{rel}","templated":true}]}}