{"id":10941,"date":"2026-01-20T13:36:49","date_gmt":"2026-01-20T16:36:49","guid":{"rendered":"https:\/\/folhadopirajucara.com.br\/?p=10941"},"modified":"2026-01-21T18:46:22","modified_gmt":"2026-01-21T21:46:22","slug":"sedpcd-promove-inclusao-em-pauta-em-cotia-e-embu-das-artes","status":"publish","type":"post","link":"https:\/\/folhadopirajucara.com.br\/index.php\/2026\/01\/20\/sedpcd-promove-inclusao-em-pauta-em-cotia-e-embu-das-artes\/","title":{"rendered":"SEDPcD promove \u201cInclus\u00e3o em Pauta\u201d em Cotia e Embu das Artes"},"content":{"rendered":"<div>Na pr\u00f3xima quinta-feira (22\/01), a Secretaria de Estado dos Direitos da Pessoa com Defici\u00eancia (SEDPcD), representada pelo secret\u00e1rio Marcos da Costa, promove o evento \u201cInclus\u00e3o em Pauta\u201d nos munic\u00edpios de Cotia e Embu das Artes, na Regi\u00e3o Metropolitana de S\u00e3o Paulo. O objetivo do evento \u00e9 ampliar as pol\u00edticas p\u00fablicas locais, por meio da assinatura de conv\u00eanios com as prefeituras das respectivas cidades para os programas TODAS in-Rede, Polo de Empregabilidade Inclusiva (PEI) e o Centro TEA Paulista.<\/div>\n<div><\/div>\n<div>Em Cotia, o encontro est\u00e1 marcado para as 10h, no Audit\u00f3rio da Secret\u00e1ria Municipal da Educa\u00e7\u00e3o. Al\u00e9m de representantes da SEDPcD, est\u00e3o confirmadas as participa\u00e7\u00f5es do prefeito Welington Formiga, da Secret\u00e1ria Municipal da Neurodiversidade, Solange Aroeira, e do Secret\u00e1rio Municipal do Trabalho e Renda, Guilherme Ruiz Neto.<\/div>\n<div><\/div>\n<div>Na sequ\u00eancia, a partir das 14h, tem in\u00edcio o evento em Embu das Artes, no Centro Cultural Mestre Assis. O prefeito Hugo Prado, o Secret\u00e1rio Municipal da Pessoa Com Defici\u00eancia, Alexandre Campos Silva ser\u00e1 representado pelo secret\u00e1rio executivo Jo\u00e3o Manoel Scudeler de Barros, juntamente com outros integrantes de \u00f3rg\u00e3os p\u00fablicos e entidades da sociedade civil tamb\u00e9m confirmaram presen\u00e7a na ocasi\u00e3o.<\/div>\n<div><\/div>\n<div>O \u201cInclus\u00e3o em Pauta\u201d \u00e9 uma iniciativa da SEDPcD que busca aproximar o governo estadual das gest\u00f5es municipais, para fortalecer os recursos de acessibilidade e inclus\u00e3o nos servi\u00e7os oferecidos \u00e0s mais de 2,7 milh\u00f5es de pessoas com defici\u00eancia que vivem no estado de S\u00e3o Paulo.<\/div>\n<div><\/div>\n<div style=\"text-align: center;\"><strong>Centro TEA Paulista<\/strong><\/div>\n<div style=\"text-align: left;\">Espa\u00e7o de refer\u00eancia p\u00fablica e gratuita para o atendimento especializado de pessoas com TEA, oferecendo suporte multidisciplinar, acolhimento familiar e articula\u00e7\u00e3o com pol\u00edticas p\u00fablicas de sa\u00fade, educa\u00e7\u00e3o e assist\u00eancia social.<\/div>\n<div><\/div>\n<div style=\"text-align: center;\"><strong>Programa TODAS in-Rede<\/strong><\/div>\n<div style=\"text-align: left;\">Oferece cursos voltados para mulheres com defici\u00eancia, com temas como: trabalho, gera\u00e7\u00e3o de renda, autonomia financeira, preven\u00e7\u00e3o \u00e0 viol\u00eancia, autoestima, lideran\u00e7a e direitos afetivos, sexuais e reprodutivos. Tamb\u00e9m inclui capacita\u00e7\u00e3o para profissionais que atuam nas redes de prote\u00e7\u00e3o e atendem mulheres com defici\u00eancia v\u00edtimas de viol\u00eancia.<\/div>\n<div><\/div>\n<div style=\"text-align: center;\"><strong>Programa Meu Emprego Inclusivo (PEI)\u00a0<\/strong><\/div>\n<div>Com a inten\u00e7\u00e3o de levar mais oportunidades de desenvolvimento profissional e perman\u00eancia no mercado de trabalho \u00e0s pessoas com defici\u00eancia, a iniciativa oferece qualifica\u00e7\u00e3o profissional e empreendedora; an\u00e1lise do perfil profissional; perfil da funcionalidade e laudo m\u00e9dico; encaminhamento para vagas de emprego; e apoio \u00e0s empresas.<\/div>\n<div><\/div>\n<div style=\"text-align: center;\"><strong>Servi\u00e7o<\/strong><\/div>\n<div>10h &#8211; Inclus\u00e3o em Pauta &#8211; Cotia<\/div>\n<div>Audit\u00f3rio da Secret\u00e1ria Municipal da Educu\u00e7\u00e3o<\/div>\n<div>Rua Jorge Caixe, 306 A, 1\u00ba andar, Jardim Nomura, Cotia\/SP<\/div>\n<div><\/div>\n<div>14h00 &#8211; Inclus\u00e3o em Pauta &#8211; Embu das Artes<\/div>\n<div>Centro Cultural Mestre Assis<\/div>\n<div>Largo 21 de Abril, 29, Centro, Embu das Artes\/SP<\/div>\n<div><\/div>\n<div><strong>Mais informa\u00e7\u00f5es:<\/strong><\/div>\n<div>Departamento de Comunica\u00e7\u00e3o<\/div>\n<div>Secretaria de Estado dos Direitos da Pessoa com Defici\u00eancia<\/div>\n<div>(11) 5212-3749<\/div>\n<div><a href=\"mailto:comunic@sp.gov.br\" target=\"_blank\" rel=\"noopener\">comunic@sp.gov.br<\/a><\/div>\n<div><\/div>\n<h6>(*) Alexandre dos Santos (Assessoria de Imprensa)<\/h6>\n","protected":false},"excerpt":{"rendered":"<p>Na pr\u00f3xima quinta-feira (22\/01), a Secretaria de Estado dos Direitos da Pessoa com Defici\u00eancia (SEDPcD), representada pelo secret\u00e1rio Marcos da<\/p>\n","protected":false},"author":3,"featured_media":10942,"comment_status":"open","ping_status":"open","sticky":false,"template":"","format":"standard","meta":{"footnotes":""},"categories":[1,27,15,4],"tags":[],"class_list":["post-10941","post","type-post","status-publish","format-standard","has-post-thumbnail","hentry","category-destaque","category-destaque-2","category-embu-das-artes","category-noticias"],"_links":{"self":[{"href":"https:\/\/folhadopirajucara.com.br\/index.php\/wp-json\/wp\/v2\/posts\/10941"}],"collection":[{"href":"https:\/\/folhadopirajucara.com.br\/index.php\/wp-json\/wp\/v2\/posts"}],"about":[{"href":"https:\/\/folhadopirajucara.com.br\/index.php\/wp-json\/wp\/v2\/types\/post"}],"author":[{"embeddable":true,"href":"https:\/\/folhadopirajucara.com.br\/index.php\/wp-json\/wp\/v2\/users\/3"}],"replies":[{"embeddable":true,"href":"https:\/\/folhadopirajucara.com.br\/index.php\/wp-json\/wp\/v2\/comments?post=10941"}],"version-history":[{"count":4,"href":"https:\/\/folhadopirajucara.com.br\/index.php\/wp-json\/wp\/v2\/posts\/10941\/revisions"}],"predecessor-version":[{"id":10947,"href":"https:\/\/folhadopirajucara.com.br\/index.php\/wp-json\/wp\/v2\/posts\/10941\/revisions\/10947"}],"wp:featuredmedia":[{"embeddable":true,"href":"https:\/\/folhadopirajucara.com.br\/index.php\/wp-json\/wp\/v2\/media\/10942"}],"wp:attachment":[{"href":"https:\/\/folhadopirajucara.com.br\/index.php\/wp-json\/wp\/v2\/media?parent=10941"}],"wp:term":[{"taxonomy":"category","embeddable":true,"href":"https:\/\/folhadopirajucara.com.br\/index.php\/wp-json\/wp\/v2\/categories?post=10941"},{"taxonomy":"post_tag","embeddable":true,"href":"https:\/\/folhadopirajucara.com.br\/index.php\/wp-json\/wp\/v2\/tags?post=10941"}],"curies":[{"name":"wp","href":"https:\/\/api.w.org\/{rel}","templated":true}]}}