{"id":10948,"date":"2026-01-21T18:54:46","date_gmt":"2026-01-21T21:54:46","guid":{"rendered":"https:\/\/folhadopirajucara.com.br\/?p=10948"},"modified":"2026-01-21T18:54:46","modified_gmt":"2026-01-21T21:54:46","slug":"centro-tea-paulista-amplia-operacao-e-passa-a-ter-atendimento-24-horas","status":"publish","type":"post","link":"https:\/\/folhadopirajucara.com.br\/index.php\/2026\/01\/21\/centro-tea-paulista-amplia-operacao-e-passa-a-ter-atendimento-24-horas\/","title":{"rendered":"Centro TEA Paulista amplia opera\u00e7\u00e3o e passa a ter atendimento 24 horas"},"content":{"rendered":"<blockquote>\n<p style=\"text-align: center;\"><strong><em>Servi\u00e7o que tamb\u00e9m passa a funcionar aos finais de semana e feriados permite acolhimento remoto e acess\u00edvel em todo o estado de SP<\/em><\/strong><\/p>\n<\/blockquote>\n<p>&nbsp;<\/p>\n<p>O Centro TEA Paulista passou a funcionar 24 horas com a op\u00e7\u00e3o de teleatendimento no per\u00edodo noturno (das 18h \u00e0s 8h) e com regime ininterrupto nos fins de semana e feriados. A estrat\u00e9gia da Secretaria de Estado dos Direitos da Pessoa com Defici\u00eancia (SEDPcD) tem o objetivo de facilitar o acesso e estabelecer um canal de apoio e orienta\u00e7\u00e3o em diferentes situa\u00e7\u00f5es e contextos, nas quais as pessoas com Transtorno do Espectro Autista (TEA), seus familiares e cuidadores possam ter um atendimento remoto, acess\u00edvel e humanizado.<\/p>\n<p>O suporte remoto pode ser por telefone e v\u00eddeo, com foco em acolhimento, explica\u00e7\u00f5es sobre direitos e benef\u00edcios sociais, al\u00e9m de acompanhamentos e encaminhamentos, em conson\u00e2ncia com as diretrizes do Plano Estadual Integrado para Pessoas com TEA (PEIPTEA). O servi\u00e7o est\u00e1 dispon\u00edvel pelo telefone (11) 3116-7406 e se destina tamb\u00e9m \u00e0s pessoas com defici\u00eancia.<\/p>\n<p>\u201c\u00c9 um servi\u00e7o que pode fazer a diferen\u00e7a na vida de muita gente. Por exemplo, uma m\u00e3e quando seu filho tem uma crise durante a madrugada. Ou ent\u00e3o, um agente p\u00fablico diante de um incidente envolvendo pessoas com TEA. S\u00e3o momentos nos quais uma abordagem mais adequada e assertiva pode ser muito mais eficaz e bem recebida\u201d, afirma o secret\u00e1rio de Estado dos Direitos da Pessoa com Defici\u00eancia, Marcos da Costa.<\/p>\n<p>A equipe de teleatendimento \u00e9 composta por 17 profissionais com forma\u00e7\u00e3o superior, capacitados para atendimento especializado e encaminhamento intersetorial, incluindo psic\u00f3logos, assistentes sociais e assessores jur\u00eddicos. Al\u00e9m deles, o Centro TEA Paulista conta com outros 38 profissionais.<\/p>\n<p style=\"text-align: center;\"><strong>Evolu\u00e7\u00e3o<\/strong><\/p>\n<p>H\u00e1 2 meses, a av\u00f3 Dulcineia Pereira Chotte acompanha a neta no Centro TEA Paulista, na zona oeste da capital. A Aline tem paralisia cerebral e n\u00e3o consegue andar e falar, mas com os exerc\u00edcios de mobilidade, a fam\u00edlia j\u00e1 observa avan\u00e7os dentro de casa. &#8220;A Aline \u00e9 bem assistida aqui no Centro TEA Paulista, antes era r\u00edgida e n\u00e3o conseguia mexer os pezinhos. Agora, ela come\u00e7ou a sentar melhor, pegar os objetos, antes ela n\u00e3o conseguia pegar a mamadeira, e hoje j\u00e1 consegue mamar sozinha, ent\u00e3o melhorou bastante&#8221;, afirma a av\u00f3.<\/p>\n<p>J\u00e1 o Isaac foi diagnosticado com TEA e TDAH em setembro de 2024. Desde ent\u00e3o, seus pais come\u00e7aram a buscar um local para levar o filho e come\u00e7ar o acompanhamento e terapia. No Centro TEA Paulista, ele fez aulas de pedagogia e basquete. Os pais afirmam ter observado uma melhora no comportamento e foco nos estudos. &#8220;O Isaac \u00e9 um pouco ansioso, ent\u00e3o as aulas de pedagogia t\u00eam ajudado bastante&#8221;, afirma a m\u00e3e Maria Edineide de Souza Santana.<\/p>\n<p>O diretor regional da Rede Teia Agir, Jos\u00e9 Ant\u00f4nio Lobo Filho, explica que, durante o teleatendimento noturno e aos finais de semana e feriados, as fam\u00edlias v\u00e3o encontrar um acolhimento socioemocional, escuta qualificada, orienta\u00e7\u00e3o psicoafetiva, al\u00e9m de orienta\u00e7\u00f5es jur\u00eddicas, psicol\u00f3gicas e assistenciais, al\u00e9m de direcionamentos e encaminhamentos.<\/p>\n<p>&#8220;O teleatendimento vem para atender uma grande parcela da comunidade que n\u00e3o tem condi\u00e7\u00f5es de se deslocar at\u00e9 o Centro TEA Paulista. Ent\u00e3o, qualquer cidad\u00e3o de qualquer munic\u00edpio do estado pode acessar o teleatendimento. A dist\u00e2ncia n\u00e3o vai ser mais impeditivo para acessar esse equipamento p\u00fablico&#8221;, afirma.<\/p>\n<p style=\"text-align: center;\"><strong>Sobre o Centro TEA Paulista<\/strong><\/p>\n<p>Inaugurado em junho de 2025, o Centro TEA Paulista e Centro de Cidadania da Pessoa com Defici\u00eancia, gerido em parceria com a Rede Teia Agir, \u00e9 um espa\u00e7o completo para acolhimento, atendimento e inclus\u00e3o de pessoas com Transtorno do Espectro Autista, pessoas com defici\u00eancia e seus familiares. A iniciativa integra a rede estadual de pol\u00edticas p\u00fablicas voltadas \u00e0 inclus\u00e3o e ao fortalecimento do suporte especializado em todo o territ\u00f3rio paulista.<\/p>\n<p>O espa\u00e7o \u00e9 uma a\u00e7\u00e3o estrat\u00e9gica da SEDPcD para fortalecer a rede de apoio e aten\u00e7\u00e3o \u00e0s pessoas com defici\u00eancia em todo o estado. Desde sua inaugura\u00e7\u00e3o, o Centro TEA Paulista j\u00e1 promoveu mais de 4 mil atendimentos.<\/p>\n<p>No mesmo endere\u00e7o tamb\u00e9m funciona o novo Centro de Cidadania da Pessoa com Defici\u00eancia, ampliando a rede de acolhimento para pessoas com defici\u00eancia f\u00edsica, intelectual, visual, auditiva ou m\u00faltipla. O local oferece atendimentos presenciais por demanda espont\u00e2nea ou encaminhamentos da rede, com orienta\u00e7\u00e3o sobre benef\u00edcios, programas sociais e direitos, al\u00e9m de apoio psicol\u00f3gico, jur\u00eddico e social.<\/p>\n<p>O equipamento \u00e9, ainda, uma base para articula\u00e7\u00e3o com os 645 munic\u00edpios paulistas, fortalecendo pol\u00edticas p\u00fablicas locais e oferecendo suporte para implanta\u00e7\u00e3o de servi\u00e7os inclusivos em outras regi\u00f5es do estado de S\u00e3o Paulo.<\/p>\n<p style=\"text-align: center;\"><strong>Servi\u00e7o<\/strong><\/p>\n<p>Funcionamento: atendimento online 24 horas, todos os dias, e atendimento presencial de segunda a sexta-feira, das 8h \u00e0s 18h.<\/p>\n<p>Localiza\u00e7\u00e3o: Rua Galileo Emendabili, 99 \u2013 Vila Leopoldina \u2013 S\u00e3o Paulo \u2013 SP,<\/p>\n<p>Transporte gratuito e acess\u00edvel, com vans que saem de hora em hora, da Esta\u00e7\u00e3o Domingos de Moraes da CPTM.<\/p>\n<p>Contatos: (11) 3116-7406 e\u00a0<a href=\"https:\/\/click.cse360.com.br\/Click\/AddCampaignEmailClick\/f0d983da-356e-4923-3466-08de327acb91\/centroteapaulista%2540sp.gov.br\/7a1dbee4-a551-4023-abd6-02827c05c0ba\/fpirajucara@gmail.com\/True\" target=\"_blank\" rel=\"noopener noreferrer\" data-saferedirecturl=\"https:\/\/www.google.com\/url?q=https:\/\/click.cse360.com.br\/Click\/AddCampaignEmailClick\/f0d983da-356e-4923-3466-08de327acb91\/centroteapaulista%252540sp.gov.br\/7a1dbee4-a551-4023-abd6-02827c05c0ba\/fpirajucara@gmail.com\/True&amp;source=gmail&amp;ust=1769118155324000&amp;usg=AOvVaw1KouS2j8851XCK6xFKOMWX\">centroteapaulista@sp.gov.br<\/a><\/p>\n<p><a href=\"https:\/\/click.cse360.com.br\/Click\/AddCampaignEmailClick\/f0d983da-356e-4923-3466-08de327acb91\/https%253a%252f%252fwww.pessoacomdeficiencia.sp.gov.br%252fsec_deficiencia%252fcentro_tea_paulista\/7a1dbee4-a551-4023-abd6-02827c05c0ba\/fpirajucara@gmail.com\/True\" target=\"_blank\" rel=\"noopener noreferrer\" data-saferedirecturl=\"https:\/\/www.google.com\/url?q=https:\/\/click.cse360.com.br\/Click\/AddCampaignEmailClick\/f0d983da-356e-4923-3466-08de327acb91\/https%25253a%25252f%25252fwww.pessoacomdeficiencia.sp.gov.br%25252fsec_deficiencia%25252fcentro_tea_paulista\/7a1dbee4-a551-4023-abd6-02827c05c0ba\/fpirajucara@gmail.com\/True&amp;source=gmail&amp;ust=1769118155324000&amp;usg=AOvVaw2-_3qDp0I9Dbs0p0xH_cuo\">https:\/\/www.<wbr \/>pessoacomdeficiencia.sp.gov.<wbr \/>br\/sec_deficiencia\/centro_tea_<wbr \/>paulista<\/a><\/p>\n<p>&nbsp;<\/p>\n<p>&nbsp;<\/p>\n<h6>(*) <span class=\"qu yKyxu\" tabindex=\"-1\" role=\"gridcell\" translate=\"no\"><span class=\"gD\" data-hovercard-id=\"sistemas@comuniquese3.com.br\" data-hovercard-owner-id=\"20\">Priscilla Haikal (Assessoria de Imprensa)<\/span><\/span><\/h6>\n","protected":false},"excerpt":{"rendered":"<p>Servi\u00e7o que tamb\u00e9m passa a funcionar aos finais de semana e feriados permite acolhimento remoto e acess\u00edvel em todo o<\/p>\n","protected":false},"author":3,"featured_media":10949,"comment_status":"open","ping_status":"open","sticky":false,"template":"","format":"standard","meta":{"footnotes":""},"categories":[1,27,4,5],"tags":[],"class_list":["post-10948","post","type-post","status-publish","format-standard","has-post-thumbnail","hentry","category-destaque","category-destaque-2","category-noticias","category-pauta-livre"],"_links":{"self":[{"href":"https:\/\/folhadopirajucara.com.br\/index.php\/wp-json\/wp\/v2\/posts\/10948"}],"collection":[{"href":"https:\/\/folhadopirajucara.com.br\/index.php\/wp-json\/wp\/v2\/posts"}],"about":[{"href":"https:\/\/folhadopirajucara.com.br\/index.php\/wp-json\/wp\/v2\/types\/post"}],"author":[{"embeddable":true,"href":"https:\/\/folhadopirajucara.com.br\/index.php\/wp-json\/wp\/v2\/users\/3"}],"replies":[{"embeddable":true,"href":"https:\/\/folhadopirajucara.com.br\/index.php\/wp-json\/wp\/v2\/comments?post=10948"}],"version-history":[{"count":1,"href":"https:\/\/folhadopirajucara.com.br\/index.php\/wp-json\/wp\/v2\/posts\/10948\/revisions"}],"predecessor-version":[{"id":10950,"href":"https:\/\/folhadopirajucara.com.br\/index.php\/wp-json\/wp\/v2\/posts\/10948\/revisions\/10950"}],"wp:featuredmedia":[{"embeddable":true,"href":"https:\/\/folhadopirajucara.com.br\/index.php\/wp-json\/wp\/v2\/media\/10949"}],"wp:attachment":[{"href":"https:\/\/folhadopirajucara.com.br\/index.php\/wp-json\/wp\/v2\/media?parent=10948"}],"wp:term":[{"taxonomy":"category","embeddable":true,"href":"https:\/\/folhadopirajucara.com.br\/index.php\/wp-json\/wp\/v2\/categories?post=10948"},{"taxonomy":"post_tag","embeddable":true,"href":"https:\/\/folhadopirajucara.com.br\/index.php\/wp-json\/wp\/v2\/tags?post=10948"}],"curies":[{"name":"wp","href":"https:\/\/api.w.org\/{rel}","templated":true}]}}