{"id":11041,"date":"2026-03-05T16:03:43","date_gmt":"2026-03-05T19:03:43","guid":{"rendered":"https:\/\/folhadopirajucara.com.br\/?p=11041"},"modified":"2026-03-05T16:05:27","modified_gmt":"2026-03-05T19:05:27","slug":"aviso-chamada-de-intencao-de-registro-de-precos-do-consorcio-publico-intermunicipal-da-regiao-sudoeste-da-grande-sao-paulo-2","status":"publish","type":"post","link":"https:\/\/folhadopirajucara.com.br\/index.php\/2026\/03\/05\/aviso-chamada-de-intencao-de-registro-de-precos-do-consorcio-publico-intermunicipal-da-regiao-sudoeste-da-grande-sao-paulo-2\/","title":{"rendered":"AVISO CHAMADA DE INTEN\u00c7\u00c3O DE REGISTRO DE PRE\u00c7OS DO CONS\u00d3RCIO P\u00daBLICO INTERMUNICIPAL DA REGI\u00c3O SUDOESTE DA GRANDE S\u00c3O PAULO"},"content":{"rendered":"<p style=\"text-align: center;\"><img loading=\"lazy\" decoding=\"async\" class=\"alignnone size-medium wp-image-10282\" src=\"https:\/\/folhadopirajucara.com.br\/wp-content\/uploads\/2025\/10\/conisud_logo-alta-resolucao-300x76.jpg\" alt=\"\" width=\"300\" height=\"76\" srcset=\"https:\/\/folhadopirajucara.com.br\/wp-content\/uploads\/2025\/10\/conisud_logo-alta-resolucao-300x76.jpg 300w, https:\/\/folhadopirajucara.com.br\/wp-content\/uploads\/2025\/10\/conisud_logo-alta-resolucao.jpg 413w\" sizes=\"(max-width: 300px) 100vw, 300px\" \/><\/p>\n<p>&nbsp;<\/p>\n<p style=\"text-align: center;\"><strong>INTEN\u00c7A\u00d5 DE REGISTRO DE PRE\u00c7OS<\/strong><br \/>\n(Processo Administrativo n\u00ba 02\/2026)<\/p>\n<p>&nbsp;<\/p>\n<p><strong>1. DO OBJETO<\/strong><\/p>\n<p>1.1. O objeto do presente Edital \u00e9 o procedimento p\u00fablico de Inten\u00e7\u00e3o de Registro de Pre\u00e7os (IRP),<br \/>\na ser operacionalizado pelo CONISUD, na condi\u00e7\u00e3o de \u00d3rg\u00e3o Gerenciador, que dever\u00e1 ser utilizado<br \/>\npelos \u00f3rg\u00e3os e entidades dos entes da Federa\u00e7\u00e3o consorciados, n\u00e3o consorciados e\/ou cooperados,<br \/>\npara registro e divulga\u00e7\u00e3o do objeto a ser licitado: <strong>REGISTRO DE PRE\u00c7O PARA FUTURA E<\/strong><br \/>\n<strong>EVENTUAL CONTRATA\u00c7\u00c3O DE EMPRESAS ESPECIALIZADAS NO FORNECIMENTO DE<\/strong><br \/>\n<strong>M\u00c3O DE OBRA, PRODUTOS\/SERVI\u00c7OS SOB DEMANDA, NOS TERMOS DA TABELA<\/strong><br \/>\n<strong>ABAIXO,<\/strong> para os munic\u00edpios consorciados do CONISUD, com validade da ata de registro de pre\u00e7os<br \/>\nde 12 (doze) meses, podendo ser prorrogada por igual per\u00edodo desde que comprovada <strong>a <\/strong><strong>vantajosidade dos pre\u00e7os.<\/strong><\/p>\n<p><strong>2.<\/strong> ESTA CHAMADA P\u00daBLICA N\u00c3O \u00c9 DIRECIONADA A FORNECEDORES E LICITANTES.<\/p>\n<p><strong>3. DO PRAZO<\/strong><\/p>\n<p>3.1. Os \u00f3rg\u00e3os interessados em participarem do referido processo dever\u00e3o encaminhar suas<br \/>\ninten\u00e7\u00f5es expressas e por escrito, assinada pelo Prefeito de seu Munic\u00edpio, ao Cons\u00f3rcio P\u00fablico<br \/>\n<strong>CONISUD<\/strong> at\u00e9 o dia 19 de mar\u00e7o de 2026, direcionados a Agente de Contrata\u00e7\u00e3o do Cons\u00f3rcio<br \/>\nP\u00fablico <strong>CONISUD<\/strong>, atrav\u00e9s do e-mail licitacao@conisud.sp.gov.br, devendo ainda fazer constar o<br \/>\nvalor financeiro estimativo a que se pretende, meramente para efeitos legais, pois no registro de<br \/>\npre\u00e7os inexiste a obrigatoriedade da contrata\u00e7\u00e3o.<\/p>\n<p><strong>4. DO PROCEDIMENTO<\/strong><\/p>\n<p>4.1. N\u00e3o haver\u00e1 n\u00famero m\u00e1ximo de participantes, podendo ser registrado por qualquer \u00f3rg\u00e3o ou<br \/>\nentidade p\u00fablica dos entes da Federa\u00e7\u00e3o consorciados, n\u00e3o consorciados e\/ou cooperados.<br \/>\n4.2. O \u00d3rg\u00e3o Gerenciador poder\u00e1 aceitar ou recusar, justificadamente, os quantitativos<br \/>\nconsiderados \u00ednfimos ou superestimados ou a inclus\u00e3o de novos itens na IRP.<br \/>\n4.3. \u00c9 facultado aos \u00f3rg\u00e3os ou entidades dos entes da Federa\u00e7\u00e3o consorciados, n\u00e3o<br \/>\nconsorciados e\/ou cooperados, antes de iniciar um processo licitat\u00f3rio, consultar a IRP em<br \/>\nandamento e deliberar a respeito da conveni\u00eancia de sua participa\u00e7\u00e3o.<br \/>\n4.4. D\u00favidas ou esclarecimento poder\u00e3o ser solicitadas por meio eletr\u00f4nico, de segunda a sextafeira, das 09:00 h \u00e0s 16:00, atrav\u00e9s do telefone (11) 4385-0976, por e-mail<br \/>\nlicitacao@conisud.sp.gov.br ou pessoalmente na Sede do CONISUD, localizado na Rua Minas<br \/>\nGerais, n\u00ba 58, Bairro Parque Para\u00edso, na cidade de Itapecerica da Serra, Estado de S\u00e3o Paulos,<br \/>\nCNPJ N\u00ba 05.031.043\/0001-58.<\/p>\n<p>&nbsp;<\/p>\n<p><strong>5. DESCRI\u00c7\u00c3O DOS SERVI\u00c7OS<\/strong><\/p>\n<p style=\"text-align: left;\"><strong>5.1. LOTE 1 &#8211; SERVI\u00c7OS DE LIMPEZA, CONSERVA\u00c7\u00c3O E HIGIENIZA\u00c7\u00c3O<\/strong><br \/>\n5.1.1.Contrata\u00e7\u00e3o de Empresa Especializada para Presta\u00e7\u00e3o de Servi\u00e7o de Limpeza,<br \/>\nConserva\u00e7\u00e3o e Higieniza\u00e7\u00e3o com fornecimento de materiais, uniformes e equipamentos<br \/>\nnecess\u00e1rios \u00e0 sua execu\u00e7\u00e3o.<\/p>\n<table class=\" aligncenter\" style=\"height: 586px;\" width=\"732\">\n<tbody>\n<tr>\n<td width=\"48\"><strong>ITEM<\/strong><\/td>\n<td width=\"331\"><strong>ESPECIFICA\u00c7\u00c3O<\/strong><\/td>\n<td width=\"76\"><strong>CATSER<\/strong><\/td>\n<td width=\"85\"><strong>UNIDADE <\/strong><strong>DE <\/strong><strong>MEDIDA<\/strong><\/td>\n<td width=\"85\"><strong>QTD<\/strong><\/p>\n<p><strong>ESTIMADA EM METROS<\/strong><\/td>\n<\/tr>\n<tr>\n<td width=\"48\">01<\/td>\n<td width=\"331\">Contrata\u00e7\u00e3o de Empresa Especializada para Presta\u00e7\u00e3o de Servi\u00e7o de Limpeza, Conserva\u00e7\u00e3o e Higieniza\u00e7\u00e3o com fornecimento de materiais, uniformes e equipamentos necess\u00e1rios \u00e0 sua execu\u00e7\u00e3o \u2013 \u00c1rea Interna.<\/td>\n<td width=\"76\">190443<\/td>\n<td width=\"85\">Metragem<\/p>\n<p>(M\u00b2)<\/td>\n<td width=\"85\"><\/td>\n<\/tr>\n<tr>\n<td width=\"48\">02<\/td>\n<td width=\"331\">Contrata\u00e7\u00e3o de Empresa Especializada para Presta\u00e7\u00e3o de Servi\u00e7o de Limpeza, Conserva\u00e7\u00e3o e Higieniza\u00e7\u00e3o com fornecimento de materiais, uniformes e equipamentos necess\u00e1rios \u00e0 sua execu\u00e7\u00e3o \u2013 \u00c1rea Externa.<\/td>\n<td width=\"76\">190443<\/td>\n<td width=\"85\">Metragem<\/p>\n<p>(M\u00b2)<\/td>\n<td width=\"85\"><\/td>\n<\/tr>\n<tr>\n<td width=\"48\">03<\/td>\n<td width=\"331\">Contrata\u00e7\u00e3o de Empresa Especializada para Presta\u00e7\u00e3o de Servi\u00e7o de Limpeza, Conserva\u00e7\u00e3o e Higieniza\u00e7\u00e3o com fornecimento de materiais, uniformes e equipamentos necess\u00e1rios \u00e0 sua execu\u00e7\u00e3o \u2013 Esquadrias<\/td>\n<td width=\"76\">190443<\/td>\n<td width=\"85\">Metragem<\/p>\n<p>(M\u00b2)<\/td>\n<td width=\"85\"><\/td>\n<\/tr>\n<\/tbody>\n<\/table>\n<p>&nbsp;<\/p>\n<p>&nbsp;<\/p>\n<p><strong>5.2. LOTE 2 &#8211; SERVI\u00c7OS DE APOIO E VIGIL\u00c2NCIA PATRIMONIAL<\/strong><\/p>\n<p>5.2.1.Presta\u00e7\u00e3o de servi\u00e7os de fornecimento de pessoal de apoio, supervis\u00e3o e vigil\u00e2ncia<br \/>\npatrimonial, conforme especifica\u00e7\u00f5es a seguir:<\/p>\n<p>&nbsp;<\/p>\n<table class=\" aligncenter\" style=\"height: 1639px;\" width=\"591\">\n<tbody>\n<tr>\n<td width=\"47\"><strong>ITEM<\/strong><\/td>\n<td width=\"331\"><strong>ESPECIFICA\u00c7\u00c3O<\/strong><\/td>\n<td width=\"66\"><strong>CATSER<\/strong><\/td>\n<td width=\"76\"><strong>UNIDADE<\/strong><\/td>\n<td width=\"123\"><strong>QUANTIDADE<\/strong><\/td>\n<\/tr>\n<tr>\n<td width=\"47\">&nbsp;<\/p>\n<p>&nbsp;<\/p>\n<p>&nbsp;<\/p>\n<p>01<\/p>\n<p>&nbsp;<\/p>\n<p>&nbsp;<\/p>\n<p>&nbsp;<\/p>\n<p>&nbsp;<\/p>\n<p>&nbsp;<\/td>\n<td width=\"331\">Agentes\u00a0 de\u00a0\u00a0 Apoio \u2013 Presta\u00e7\u00e3o de servi\u00e7os de fornecimento de pessoal de apoio com servi\u00e7o de informa\u00e7\u00e3o, observa\u00e7\u00e3o e direcionamento de p\u00fablico (pedestres e ve\u00edculos), organiza\u00e7\u00e3o de pessoas em eventos, ordenamento, fiscaliza\u00e7\u00e3o de solo e controle de acesso. Uniformizados com colete reflexivo, devidamente qualificados e treinados, detentores de r\u00e1dio de comunica\u00e7\u00e3o com fone de ouvido.<\/td>\n<td width=\"66\">18260<\/td>\n<td width=\"76\">\n<p style=\"text-align: center;\">Di\u00e1ria<\/p>\n<\/td>\n<td width=\"123\"><\/td>\n<\/tr>\n<tr>\n<td width=\"47\">02<\/td>\n<td width=\"331\">Servi\u00e7os de supervis\u00e3o de pessoal de apoio &#8211; Presta\u00e7\u00e3o de servi\u00e7os de supervis\u00e3o de pessoal de apoio para informa\u00e7\u00e3o, observa\u00e7\u00e3o e direcionamento de p\u00fablico. Turma equipada com detectores de metais, treinada para fazer revista. Uniformizados com colete reflexivo e identificado com supervisor, devidamente qualificados e treinados, detentores de r\u00e1dio de comunica\u00e7\u00e3o com fone de ouvido.<\/td>\n<td width=\"66\">18260<\/td>\n<td width=\"76\">Di\u00e1ria<\/td>\n<td width=\"123\"><\/td>\n<\/tr>\n<tr>\n<td width=\"47\">03<\/td>\n<td width=\"331\">Vigilante \u2013 12X36 noturno \u2013 segunda domingo, arma de fogo, sem repositor (a)<\/td>\n<td width=\"66\">23957<\/td>\n<td width=\"76\">Posto\/dia<\/td>\n<td width=\"123\"><\/td>\n<\/tr>\n<tr>\n<td width=\"47\">04<\/td>\n<td width=\"331\">Vigilante \u2013 12X36 diurno, segunda a domingo, arma de foto, com repositor (a).<\/td>\n<td width=\"66\">23647<\/td>\n<td width=\"76\">Posto\/dia<\/td>\n<td width=\"123\"><\/td>\n<\/tr>\n<tr>\n<td width=\"47\">05<\/td>\n<td width=\"331\">Vigilante &#8211; 44 horas \u2013 segunda a sexta-feira \u2013 arma n\u00e3o letal &#8211; com repositor(a)<\/td>\n<td width=\"66\">23507<\/td>\n<td width=\"76\">Posto\/dia<\/td>\n<td width=\"123\"><\/td>\n<\/tr>\n<tr>\n<td width=\"47\">06<\/td>\n<td width=\"331\">Vigilante &#8211; 12X36 diurno l\u00edder \u2013 segunda a domingo \u2013 arma de fogo &#8211; com repositor(a)<\/td>\n<td width=\"66\">24015<\/td>\n<td width=\"76\">Posto\/dia<\/td>\n<td width=\"123\"><\/td>\n<\/tr>\n<tr>\n<td width=\"47\">07<\/td>\n<td width=\"331\">Vigilante &#8211; 44 horas \u2013 segunda a sexta-feira \u2013 arma de fogo &#8211; com repositor(a)<\/td>\n<td width=\"66\">23507<\/td>\n<td width=\"76\">Posto\/dia<\/td>\n<td width=\"123\"><\/td>\n<\/tr>\n<tr>\n<td width=\"47\">08<\/td>\n<td width=\"331\">Vigilante &#8211; 12X36 \u2013 diurno \u2013 hora eventual \u2013 arma de fogo \u2013 quantitativo\/m\u00eas<\/td>\n<td width=\"66\">24015<\/td>\n<td width=\"76\">Horas<\/td>\n<td width=\"123\"><\/td>\n<\/tr>\n<tr>\n<td width=\"47\">09<\/td>\n<td width=\"331\">Vigilante &#8211; 12X36 \u2013 noturno \u2013 hora eventual \u2013 arma de fogo \u2013 quantitativo\/m\u00eas<\/td>\n<td width=\"66\">24015<\/td>\n<td width=\"76\">Horas<\/td>\n<td width=\"123\"><\/td>\n<\/tr>\n<tr>\n<td width=\"47\">10<\/td>\n<td width=\"331\">Vigilante &#8211; 44 horas \u2013 diurno \u2013 hora extra \u2013 arma de fogo\/arma n\u00e3o letal &#8211; quantitativo\/m\u00eas<\/td>\n<td width=\"66\">23507<\/td>\n<td width=\"76\">Horas<\/td>\n<td width=\"123\"><\/td>\n<\/tr>\n<tr>\n<td width=\"47\">11<\/td>\n<td width=\"331\">Vigilante &#8211; 44 horas \u2013 noturno \u2013 hora extra \u2013 arma de fogo\/arma n\u00e3o letal &#8211; quantitativo\/m\u00eas<\/td>\n<td width=\"66\">23507<\/td>\n<td width=\"76\">Horas<\/td>\n<td width=\"123\"><\/td>\n<\/tr>\n<tr>\n<td width=\"47\">&nbsp;<\/p>\n<p>12<\/td>\n<td width=\"331\">Torre de Seguran\u00e7a m\u00f3vel e Monitoramento Remoto 24\/7, com central de monitoramento humanizada<\/td>\n<td width=\"66\">2739<\/td>\n<td width=\"76\">Unidade<\/td>\n<td width=\"123\"><\/td>\n<\/tr>\n<tr>\n<td width=\"47\">&nbsp;<\/p>\n<p>13<\/td>\n<td width=\"331\">Torre de Seguran\u00e7a fixa e\u00a0\u00a0 Monitoramento Remoto 24\/7, com central de monitoramento humanizada<\/td>\n<td width=\"66\">2739<\/td>\n<td width=\"76\">Unidade<\/td>\n<td width=\"123\"><\/td>\n<\/tr>\n<\/tbody>\n<\/table>\n<p style=\"text-align: right;\">Itapecerica da Serra, 05 de mar\u00e7o de 2026.<\/p>\n<p>&nbsp;<\/p>\n<p>&nbsp;<\/p>\n<p>&nbsp;<\/p>\n<p style=\"text-align: center;\"><img loading=\"lazy\" decoding=\"async\" class=\"alignnone size-full wp-image-10875\" src=\"https:\/\/folhadopirajucara.com.br\/wp-content\/uploads\/2026\/01\/telma.jpg\" alt=\"\" width=\"216\" height=\"72\" \/><\/p>\n<p style=\"text-align: center;\"><strong>TELMA VIVIANE FELIX<\/strong><\/p>\n<p style=\"text-align: center;\">Pregoeira do Conisud<\/p>\n","protected":false},"excerpt":{"rendered":"<p>&nbsp; INTEN\u00c7A\u00d5 DE REGISTRO DE PRE\u00c7OS (Processo Administrativo n\u00ba 02\/2026) &nbsp; 1. DO OBJETO 1.1. O objeto do presente Edital<\/p>\n","protected":false},"author":3,"featured_media":10282,"comment_status":"open","ping_status":"open","sticky":false,"template":"","format":"standard","meta":{"footnotes":""},"categories":[1,27,2,4],"tags":[],"class_list":["post-11041","post","type-post","status-publish","format-standard","has-post-thumbnail","hentry","category-destaque","category-destaque-2","category-editorial","category-noticias"],"_links":{"self":[{"href":"https:\/\/folhadopirajucara.com.br\/index.php\/wp-json\/wp\/v2\/posts\/11041"}],"collection":[{"href":"https:\/\/folhadopirajucara.com.br\/index.php\/wp-json\/wp\/v2\/posts"}],"about":[{"href":"https:\/\/folhadopirajucara.com.br\/index.php\/wp-json\/wp\/v2\/types\/post"}],"author":[{"embeddable":true,"href":"https:\/\/folhadopirajucara.com.br\/index.php\/wp-json\/wp\/v2\/users\/3"}],"replies":[{"embeddable":true,"href":"https:\/\/folhadopirajucara.com.br\/index.php\/wp-json\/wp\/v2\/comments?post=11041"}],"version-history":[{"count":4,"href":"https:\/\/folhadopirajucara.com.br\/index.php\/wp-json\/wp\/v2\/posts\/11041\/revisions"}],"predecessor-version":[{"id":11049,"href":"https:\/\/folhadopirajucara.com.br\/index.php\/wp-json\/wp\/v2\/posts\/11041\/revisions\/11049"}],"wp:featuredmedia":[{"embeddable":true,"href":"https:\/\/folhadopirajucara.com.br\/index.php\/wp-json\/wp\/v2\/media\/10282"}],"wp:attachment":[{"href":"https:\/\/folhadopirajucara.com.br\/index.php\/wp-json\/wp\/v2\/media?parent=11041"}],"wp:term":[{"taxonomy":"category","embeddable":true,"href":"https:\/\/folhadopirajucara.com.br\/index.php\/wp-json\/wp\/v2\/categories?post=11041"},{"taxonomy":"post_tag","embeddable":true,"href":"https:\/\/folhadopirajucara.com.br\/index.php\/wp-json\/wp\/v2\/tags?post=11041"}],"curies":[{"name":"wp","href":"https:\/\/api.w.org\/{rel}","templated":true}]}}