{"id":11050,"date":"2026-03-05T16:07:25","date_gmt":"2026-03-05T19:07:25","guid":{"rendered":"https:\/\/folhadopirajucara.com.br\/?p=11050"},"modified":"2026-03-05T16:07:44","modified_gmt":"2026-03-05T19:07:44","slug":"valo-velho-recebeu-acao-do-procon-e-do-ciee-no-ultimo-dia-4-de-marco-jacira-tambem-recebe-hoje-acao-para-os-estudantes","status":"publish","type":"post","link":"https:\/\/folhadopirajucara.com.br\/index.php\/2026\/03\/05\/valo-velho-recebeu-acao-do-procon-e-do-ciee-no-ultimo-dia-4-de-marco-jacira-tambem-recebe-hoje-acao-para-os-estudantes\/","title":{"rendered":"Valo Velho recebeu a\u00e7\u00e3o do Procon e do CIEE no \u00faltimo dia 4 de mar\u00e7o; Jacira tamb\u00e9m recebe hoje a\u00e7\u00e3o para os estudantes"},"content":{"rendered":"<p>A Prefeitura de Itapecerica da Serra em parceria com o Procon de S\u00e3o Paulo, realizou uma importante a\u00e7\u00e3o de atendimento \u00e0 popula\u00e7\u00e3o com o \u00d4nibus Itinerante da Funda\u00e7\u00e3o Procon.<\/p>\n<p>O servi\u00e7o aconteceu no Valo Velho, na Avenida Soldado PM Gilberto Augustinho, n\u00ba 600, e ofereceu orienta\u00e7\u00e3o e diversos atendimentos voltados \u00e0 defesa do consumidor.<\/p>\n<p>Al\u00e9m do atendimento do Procon, o CIEE tamb\u00e9m esteve presente no local, realizando cadastro e oferecendo apoio e orienta\u00e7\u00f5es para jovens da regi\u00e3o que buscam oportunidades.<\/p>\n<p>O CIEE em Movimento segue agora para o Jardim Jacira, nesta quinta-feira (05\/03) estar\u00e1 na Pra\u00e7a Jos\u00e9 Leal (Rua Machado de Assis) at\u00e9 \u00e0s 16h.<\/p>\n<p>Para garantir o sucesso do projeto, uma equipe da Prefeitura realizou visitas nas escolas da regi\u00e3o do Jacira, s\u00e3o elas: Ant\u00f4nio Florentino, Asdr\u00fabal, Maria Ol\u00edmpia, Jacira e J\u00falia de Castro.<\/p>\n<p>&nbsp;<\/p>\n<h6>(*) DEPTO COM ITAP SERRA<\/h6>\n","protected":false},"excerpt":{"rendered":"<p>A Prefeitura de Itapecerica da Serra em parceria com o Procon de S\u00e3o Paulo, realizou uma importante a\u00e7\u00e3o de atendimento<\/p>\n","protected":false},"author":3,"featured_media":11051,"comment_status":"open","ping_status":"open","sticky":false,"template":"","format":"standard","meta":{"footnotes":""},"categories":[1,27,16,4],"tags":[],"class_list":["post-11050","post","type-post","status-publish","format-standard","has-post-thumbnail","hentry","category-destaque","category-destaque-2","category-itapecerica-da-serra","category-noticias"],"_links":{"self":[{"href":"https:\/\/folhadopirajucara.com.br\/index.php\/wp-json\/wp\/v2\/posts\/11050"}],"collection":[{"href":"https:\/\/folhadopirajucara.com.br\/index.php\/wp-json\/wp\/v2\/posts"}],"about":[{"href":"https:\/\/folhadopirajucara.com.br\/index.php\/wp-json\/wp\/v2\/types\/post"}],"author":[{"embeddable":true,"href":"https:\/\/folhadopirajucara.com.br\/index.php\/wp-json\/wp\/v2\/users\/3"}],"replies":[{"embeddable":true,"href":"https:\/\/folhadopirajucara.com.br\/index.php\/wp-json\/wp\/v2\/comments?post=11050"}],"version-history":[{"count":2,"href":"https:\/\/folhadopirajucara.com.br\/index.php\/wp-json\/wp\/v2\/posts\/11050\/revisions"}],"predecessor-version":[{"id":11053,"href":"https:\/\/folhadopirajucara.com.br\/index.php\/wp-json\/wp\/v2\/posts\/11050\/revisions\/11053"}],"wp:featuredmedia":[{"embeddable":true,"href":"https:\/\/folhadopirajucara.com.br\/index.php\/wp-json\/wp\/v2\/media\/11051"}],"wp:attachment":[{"href":"https:\/\/folhadopirajucara.com.br\/index.php\/wp-json\/wp\/v2\/media?parent=11050"}],"wp:term":[{"taxonomy":"category","embeddable":true,"href":"https:\/\/folhadopirajucara.com.br\/index.php\/wp-json\/wp\/v2\/categories?post=11050"},{"taxonomy":"post_tag","embeddable":true,"href":"https:\/\/folhadopirajucara.com.br\/index.php\/wp-json\/wp\/v2\/tags?post=11050"}],"curies":[{"name":"wp","href":"https:\/\/api.w.org\/{rel}","templated":true}]}}