{"id":11298,"date":"2026-04-16T14:24:45","date_gmt":"2026-04-16T17:24:45","guid":{"rendered":"https:\/\/folhadopirajucara.com.br\/?p=11298"},"modified":"2026-04-16T14:24:45","modified_gmt":"2026-04-16T17:24:45","slug":"edital-no-001-2026-cmdca-processo-de-escolha-suplementar-conselho-tutelar","status":"publish","type":"post","link":"https:\/\/folhadopirajucara.com.br\/index.php\/2026\/04\/16\/edital-no-001-2026-cmdca-processo-de-escolha-suplementar-conselho-tutelar\/","title":{"rendered":"EDITAL N\u00ba 001\/2026 \u2013 CMDCA PROCESSO DE ESCOLHA SUPLEMENTAR \u2013 CONSELHO TUTELAR"},"content":{"rendered":"<p style=\"text-align: center;\"><strong>EDITAL N\u00ba 001\/2026 \u2013 CMDCA<\/strong><\/p>\n<div dir=\"auto\" style=\"text-align: center;\"><strong>PROCESSO DE ESCOLHA SUPLEMENTAR \u2013 CONSELHO TUTELAR<\/strong><\/div>\n<div dir=\"auto\"><\/div>\n<div dir=\"auto\">O Conselho Municipal dos Direitos da Crian\u00e7a e do Adolescente de S\u00e3o Louren\u00e7o da Serra torna p\u00fablico o Processo de Escolha Suplementar para membros suplentes do Conselho Tutelar, bi\u00eanio 2026\/2027, nos termos da Lei Federal n\u00ba 8.069\/1990, Resolu\u00e7\u00e3o CONANDA n\u00ba 231\/2022 e Lei Municipal n\u00ba 950\/2013.Inscri\u00e7\u00f5es: dias 16, 17, 22, 23 e 24\/04\/2026, das 08h \u00e0s 11h e das 13h \u00e0s 16h30, no CRAS (Rua Hon\u00f3rio Augusto de Camargo, n\u00ba 105 \u2013 Centro).Elei\u00e7\u00e3o: 14\/06\/2026, das 08h \u00e0s 17h.Vagas: 05 (cinco) suplentes. Remunera\u00e7\u00e3o: R$ 2.200,00.Edital completo dispon\u00edvel nos \u00f3rg\u00e3os oficiais do Munic\u00edpio e site\u00a0<a href=\"https:\/\/saolourencodaserra.sp.gov.br\/novo\/S%C3%A3o\" target=\"_blank\" rel=\"noopener\" data-saferedirecturl=\"https:\/\/www.google.com\/url?q=https:\/\/saolourencodaserra.sp.gov.br\/novo\/S%25C3%25A3o&amp;source=gmail&amp;ust=1776444295683000&amp;usg=AOvVaw0oTW1pnvjZbdeaV-i74-DE\">https:\/\/saolourencodaserra.sp.<wbr \/>gov.br\/novo\/<\/a><a href=\"https:\/\/saolourencodaserra.sp.gov.br\/novo\/S%C3%A3o\" target=\"_blank\" rel=\"noopener\" data-saferedirecturl=\"https:\/\/www.google.com\/url?q=https:\/\/saolourencodaserra.sp.gov.br\/novo\/S%25C3%25A3o&amp;source=gmail&amp;ust=1776444295683000&amp;usg=AOvVaw0oTW1pnvjZbdeaV-i74-DE\">S\u00e3o<\/a><\/div>\n<div dir=\"auto\"><\/div>\n<div dir=\"auto\"><\/div>\n<div dir=\"auto\"><\/div>\n<div dir=\"auto\" style=\"text-align: center;\"><strong>S\u00e3o Louren\u00e7o da Serra, 15\/04\/2026<\/strong><\/div>\n<div dir=\"auto\" style=\"text-align: center;\"><strong>PAULO ALEXANDRE LION<\/strong><\/div>\n<div dir=\"auto\" style=\"text-align: center;\"><strong>Presidente do CMDCA<\/strong><\/div>\n","protected":false},"excerpt":{"rendered":"<p>EDITAL N\u00ba 001\/2026 \u2013 CMDCA PROCESSO DE ESCOLHA SUPLEMENTAR \u2013 CONSELHO TUTELAR O Conselho Municipal dos Direitos da Crian\u00e7a e<\/p>\n","protected":false},"author":3,"featured_media":4294,"comment_status":"open","ping_status":"open","sticky":false,"template":"","format":"standard","meta":{"footnotes":""},"categories":[1,39,4,8],"tags":[],"class_list":["post-11298","post","type-post","status-publish","format-standard","has-post-thumbnail","hentry","category-destaque","category-edital","category-noticias","category-sao-lourenco"],"_links":{"self":[{"href":"https:\/\/folhadopirajucara.com.br\/index.php\/wp-json\/wp\/v2\/posts\/11298"}],"collection":[{"href":"https:\/\/folhadopirajucara.com.br\/index.php\/wp-json\/wp\/v2\/posts"}],"about":[{"href":"https:\/\/folhadopirajucara.com.br\/index.php\/wp-json\/wp\/v2\/types\/post"}],"author":[{"embeddable":true,"href":"https:\/\/folhadopirajucara.com.br\/index.php\/wp-json\/wp\/v2\/users\/3"}],"replies":[{"embeddable":true,"href":"https:\/\/folhadopirajucara.com.br\/index.php\/wp-json\/wp\/v2\/comments?post=11298"}],"version-history":[{"count":1,"href":"https:\/\/folhadopirajucara.com.br\/index.php\/wp-json\/wp\/v2\/posts\/11298\/revisions"}],"predecessor-version":[{"id":11299,"href":"https:\/\/folhadopirajucara.com.br\/index.php\/wp-json\/wp\/v2\/posts\/11298\/revisions\/11299"}],"wp:featuredmedia":[{"embeddable":true,"href":"https:\/\/folhadopirajucara.com.br\/index.php\/wp-json\/wp\/v2\/media\/4294"}],"wp:attachment":[{"href":"https:\/\/folhadopirajucara.com.br\/index.php\/wp-json\/wp\/v2\/media?parent=11298"}],"wp:term":[{"taxonomy":"category","embeddable":true,"href":"https:\/\/folhadopirajucara.com.br\/index.php\/wp-json\/wp\/v2\/categories?post=11298"},{"taxonomy":"post_tag","embeddable":true,"href":"https:\/\/folhadopirajucara.com.br\/index.php\/wp-json\/wp\/v2\/tags?post=11298"}],"curies":[{"name":"wp","href":"https:\/\/api.w.org\/{rel}","templated":true}]}}