{"id":11325,"date":"2026-04-25T20:25:41","date_gmt":"2026-04-25T23:25:41","guid":{"rendered":"https:\/\/folhadopirajucara.com.br\/?p=11325"},"modified":"2026-04-25T20:25:41","modified_gmt":"2026-04-25T23:25:41","slug":"secretaria-de-itapecerica-da-serra-convida-entidades-para-assembleia-de-eleicao-do-conselho-do-fundo-social","status":"publish","type":"post","link":"https:\/\/folhadopirajucara.com.br\/index.php\/2026\/04\/25\/secretaria-de-itapecerica-da-serra-convida-entidades-para-assembleia-de-eleicao-do-conselho-do-fundo-social\/","title":{"rendered":"Secretaria de Itapecerica da Serra convida entidades para Assembleia de Elei\u00e7\u00e3o do Conselho do Fundo Social"},"content":{"rendered":"<p class=\"post-description\">A Prefeitura de Itapecerica da Serra, por meio da Secretaria Municipal do Desenvolvimento Social e Rela\u00e7\u00f5es do Trabalho, realizar\u00e1 a Assembleia de Elei\u00e7\u00e3o do Conselho Municipal do Fundo Social de Solidariedade, conforme o Edital n\u00ba 070\/2026.<\/p>\n<div data-grid=\"small-spacing center justify\">\n<p data-start=\"349\" data-end=\"503\">O encontro ser\u00e1 no dia 30 de abril, \u00e0s 10h, no Audit\u00f3rio do Complexo Administrativo da PMIS, localizado na Avenida Eduardo Roberto Daher, n\u00ba 1135, Centro.<\/p>\n<p data-start=\"505\" data-end=\"671\">A convoca\u00e7\u00e3o \u00e9 direcionada \u00e0s entidades do munic\u00edpio, com o objetivo de compor o colegiado respons\u00e1vel pelo acompanhamento das a\u00e7\u00f5es do Fundo Social de Solidariedade.<\/p>\n<p data-start=\"673\" data-end=\"792\" data-is-last-node=\"\" data-is-only-node=\"\">A participa\u00e7\u00e3o das institui\u00e7\u00f5es integra o processo de organiza\u00e7\u00e3o e articula\u00e7\u00e3o da rede socioassistencial no munic\u00edpio.<\/p>\n<p><a title=\"- EDITAL N\u00ba 070 2026 - ASSEMBLEIA DE ELEI\u00c7\u00c3O - CONSELHO MUNICIPAL DO FUNDO SOCIAL DE SOLIDARIEDADE\" href=\"https:\/\/ecrie.com.br\/sistema\/conteudos\/arquivo\/a_9_0_1_24042026165536.pdf\" target=\"_blank\" rel=\"noopener\">CONFIRA AQUI O\u00a0 EDITAL N\u00ba 070 2026 &#8211; ASSEMBLEIA DE ELEI\u00c7\u00c3O &#8211; CONSELHO MUNICIPAL DO FUNDO SOCIAL DE SOLIDARIEDADE<\/a><\/p>\n<\/div>\n<p>&nbsp;<\/p>\n<p>&nbsp;<\/p>\n<h6>(*) Depto Com. Itap. Serra<\/h6>\n","protected":false},"excerpt":{"rendered":"<p>A Prefeitura de Itapecerica da Serra, por meio da Secretaria Municipal do Desenvolvimento Social e Rela\u00e7\u00f5es do Trabalho, realizar\u00e1 a<\/p>\n","protected":false},"author":3,"featured_media":11326,"comment_status":"open","ping_status":"open","sticky":false,"template":"","format":"standard","meta":{"footnotes":""},"categories":[1,27,16,4],"tags":[],"class_list":["post-11325","post","type-post","status-publish","format-standard","has-post-thumbnail","hentry","category-destaque","category-destaque-2","category-itapecerica-da-serra","category-noticias"],"_links":{"self":[{"href":"https:\/\/folhadopirajucara.com.br\/index.php\/wp-json\/wp\/v2\/posts\/11325"}],"collection":[{"href":"https:\/\/folhadopirajucara.com.br\/index.php\/wp-json\/wp\/v2\/posts"}],"about":[{"href":"https:\/\/folhadopirajucara.com.br\/index.php\/wp-json\/wp\/v2\/types\/post"}],"author":[{"embeddable":true,"href":"https:\/\/folhadopirajucara.com.br\/index.php\/wp-json\/wp\/v2\/users\/3"}],"replies":[{"embeddable":true,"href":"https:\/\/folhadopirajucara.com.br\/index.php\/wp-json\/wp\/v2\/comments?post=11325"}],"version-history":[{"count":1,"href":"https:\/\/folhadopirajucara.com.br\/index.php\/wp-json\/wp\/v2\/posts\/11325\/revisions"}],"predecessor-version":[{"id":11327,"href":"https:\/\/folhadopirajucara.com.br\/index.php\/wp-json\/wp\/v2\/posts\/11325\/revisions\/11327"}],"wp:featuredmedia":[{"embeddable":true,"href":"https:\/\/folhadopirajucara.com.br\/index.php\/wp-json\/wp\/v2\/media\/11326"}],"wp:attachment":[{"href":"https:\/\/folhadopirajucara.com.br\/index.php\/wp-json\/wp\/v2\/media?parent=11325"}],"wp:term":[{"taxonomy":"category","embeddable":true,"href":"https:\/\/folhadopirajucara.com.br\/index.php\/wp-json\/wp\/v2\/categories?post=11325"},{"taxonomy":"post_tag","embeddable":true,"href":"https:\/\/folhadopirajucara.com.br\/index.php\/wp-json\/wp\/v2\/tags?post=11325"}],"curies":[{"name":"wp","href":"https:\/\/api.w.org\/{rel}","templated":true}]}}