{"id":11336,"date":"2026-04-28T13:53:43","date_gmt":"2026-04-28T16:53:43","guid":{"rendered":"https:\/\/folhadopirajucara.com.br\/?p=11336"},"modified":"2026-04-28T13:53:43","modified_gmt":"2026-04-28T16:53:43","slug":"festa-de-santa-cruz-acontece-de-1-a-3-de-maio-no-memorial-sakai-em-embu-das-artes","status":"publish","type":"post","link":"https:\/\/folhadopirajucara.com.br\/index.php\/2026\/04\/28\/festa-de-santa-cruz-acontece-de-1-a-3-de-maio-no-memorial-sakai-em-embu-das-artes\/","title":{"rendered":"Festa de Santa Cruz acontece de 1 a 3 de maio no Memorial Sakai em Embu das Artes"},"content":{"rendered":"<p>A tradicional\u00a0<strong>Festa de Santa Cruz de Embu das Artes<\/strong>, uma das mais antigas da cidade, come\u00e7a na pr\u00f3xima sexta-feira, dia 1\u00ba de maio, e vai at\u00e9 domingo, 3\/5. O evento coordenado pela Secretaria Municipal de Cultura ser\u00e1 realizado no\u00a0\u00a0<strong>Memorial Sakai<\/strong>\u00a0(Rua Rebolo Gonzales, 185, Vila Cercado Grande) e ter\u00e1 programa\u00e7\u00e3o com grupos de adoradores, jongo, folia de reis, m\u00fasica caipira, entre outras atra\u00e7\u00f5es, al\u00e9m de bingo e comes e bebes.<\/p>\n<p>A festividade \u00e9 uma oportunidade \u00fanica de reviver uma tradi\u00e7\u00e3o herdada do conv\u00edvio entre jesu\u00edtas e ind\u00edgenas ap\u00f3s o descobrimento do Brasil, a partir do s\u00e9culo XVII. No primeiro dia de festa, acontece prociss\u00e3o, reza do ter\u00e7o, missa, e o levantamento do mastro, onde os festeiros que desejam algo fazem o pedido ao seu p\u00e9, pois se acredita que assim ser\u00e3o atendidos.<\/p>\n<p>Na Adora\u00e7\u00e3o \u00e0 Santa Cruz, o pr\u00f3prio povo dirige a celebra\u00e7\u00e3o, n\u00e3o h\u00e1 interven\u00e7\u00e3o eclesi\u00e1stica. A popula\u00e7\u00e3o se encarrega de cantar os versos de louvor.<\/p>\n<p><strong>Confira a programa\u00e7\u00e3o gratuita e participe com sua fam\u00edlia e amigos!<\/strong><\/p>\n<p><strong>1\/5 \u2013<\/strong>\u00a0<strong>SEXTA<\/strong><\/p>\n<p><strong>16h \u2013<\/strong>\u00a0Prociss\u00e3o motorizada saindo da Capela de S\u00e3o Jos\u00e9 (Rua Mar Vermelho, 33, Jardim Embuarama) a Igreja Nossa Senhora de Lourdes (Rua Aderaldo Caiubi, 76, Vila Cercado Grande), seguindo com a reza do ter\u00e7o at\u00e9 o Memorial Sakai (Rua Rebolo Gonzales, 185, Vila Cercado Grande)<br \/>\n<strong>18h \u2013<\/strong>\u00a0Missa<br \/>\n<strong>19h \u2013<\/strong>\u00a0Levantamento do Mastro e Adoradores de Santa Cruz de Embu das Artes<br \/>\n<strong>20h30 \u2013<\/strong>\u00a0Show S\u00f3 Mod\u00e3o (violeiros)<strong><\/p>\n<p>2\/5 \u2013 S\u00c1BADO<\/strong><\/p>\n<p><strong>17h<\/strong>\u00a0<strong>\u2013<\/strong>\u00a0Prociss\u00e3o com sa\u00edda da Igreja Nossa Senhora do Ros\u00e1rio (Rua da Matriz, 11, Centro) at\u00e9 a Igreja Nossa Senhora de Lourdes, junto com Adoradores de Santa Cruz de Embu das Artes<br \/>\n<strong>18h \u2013<\/strong>\u00a0Adoradores e Folia de Reis do Marajoara<br \/>\n<strong>19h \u2013<\/strong>\u00a0Baile da Melhor Idade com show de \u00c9lcio Dias &amp; Amorim<br \/>\n<strong>20h30 \u2013<\/strong>\u00a0Flores do Mulungu (cirandan\u00e7as)<br \/>\n<strong>21h30 \u2013<\/strong>\u00a0Show de Jucimara Lins<\/p>\n<p><strong>3\/5 \u2013 DOMINGO<\/strong><\/p>\n<p><strong>18h \u2013<\/strong>\u00a0Banda Municipal de Embu das Artes<br \/>\n<strong>20h30 \u2013<\/strong>\u00a0Comunidade Jongo de Embu das Artes<br \/>\n<strong>21h30 \u2013<\/strong>\u00a0Show de Ricardo Barreto<\/p>\n<p><strong>SERVI\u00c7O<\/strong><\/p>\n<p><strong>Festa de Santa Cruz de Embu das Artes<br \/>\n<\/strong>De 1\u00ba a 3\/5, a partir das 18h (atividades religiosas nos dias 1 e 2\/5 come\u00e7am mais cedo, ver programa\u00e7\u00e3o acima)<br \/>\nLocal: Memorial Sakai<br \/>\nRua Rebolo Gonzales, 185, Vila Cercado Grande<br \/>\nEntrada gratuita<\/p>\n<p>&nbsp;<\/p>\n<h6>(*) Daniela Karin (PMEA)<\/h6>\n","protected":false},"excerpt":{"rendered":"<p>A tradicional\u00a0Festa de Santa Cruz de Embu das Artes, uma das mais antigas da cidade, come\u00e7a na pr\u00f3xima sexta-feira, dia<\/p>\n","protected":false},"author":3,"featured_media":11337,"comment_status":"open","ping_status":"open","sticky":false,"template":"","format":"standard","meta":{"footnotes":""},"categories":[1,27,15,4],"tags":[],"class_list":["post-11336","post","type-post","status-publish","format-standard","has-post-thumbnail","hentry","category-destaque","category-destaque-2","category-embu-das-artes","category-noticias"],"_links":{"self":[{"href":"https:\/\/folhadopirajucara.com.br\/index.php\/wp-json\/wp\/v2\/posts\/11336"}],"collection":[{"href":"https:\/\/folhadopirajucara.com.br\/index.php\/wp-json\/wp\/v2\/posts"}],"about":[{"href":"https:\/\/folhadopirajucara.com.br\/index.php\/wp-json\/wp\/v2\/types\/post"}],"author":[{"embeddable":true,"href":"https:\/\/folhadopirajucara.com.br\/index.php\/wp-json\/wp\/v2\/users\/3"}],"replies":[{"embeddable":true,"href":"https:\/\/folhadopirajucara.com.br\/index.php\/wp-json\/wp\/v2\/comments?post=11336"}],"version-history":[{"count":2,"href":"https:\/\/folhadopirajucara.com.br\/index.php\/wp-json\/wp\/v2\/posts\/11336\/revisions"}],"predecessor-version":[{"id":11339,"href":"https:\/\/folhadopirajucara.com.br\/index.php\/wp-json\/wp\/v2\/posts\/11336\/revisions\/11339"}],"wp:featuredmedia":[{"embeddable":true,"href":"https:\/\/folhadopirajucara.com.br\/index.php\/wp-json\/wp\/v2\/media\/11337"}],"wp:attachment":[{"href":"https:\/\/folhadopirajucara.com.br\/index.php\/wp-json\/wp\/v2\/media?parent=11336"}],"wp:term":[{"taxonomy":"category","embeddable":true,"href":"https:\/\/folhadopirajucara.com.br\/index.php\/wp-json\/wp\/v2\/categories?post=11336"},{"taxonomy":"post_tag","embeddable":true,"href":"https:\/\/folhadopirajucara.com.br\/index.php\/wp-json\/wp\/v2\/tags?post=11336"}],"curies":[{"name":"wp","href":"https:\/\/api.w.org\/{rel}","templated":true}]}}