{"id":11340,"date":"2026-04-28T14:26:09","date_gmt":"2026-04-28T17:26:09","guid":{"rendered":"https:\/\/folhadopirajucara.com.br\/?p=11340"},"modified":"2026-04-28T14:26:09","modified_gmt":"2026-04-28T17:26:09","slug":"regularizacao-do-titulo-ganha-reforco-com-horario-ampliado-em-taboao-da-serra-e-regiao","status":"publish","type":"post","link":"https:\/\/folhadopirajucara.com.br\/index.php\/2026\/04\/28\/regularizacao-do-titulo-ganha-reforco-com-horario-ampliado-em-taboao-da-serra-e-regiao\/","title":{"rendered":"Regulariza\u00e7\u00e3o do t\u00edtulo ganha refor\u00e7o com hor\u00e1rio ampliado em Tabo\u00e3o da Serra e regi\u00e3o"},"content":{"rendered":"<p data-start=\"212\" data-end=\"593\">Moradores de <span class=\"hover:entity-accent entity-underline inline cursor-pointer align-baseline\"><span class=\"whitespace-normal\">Tabo\u00e3o da Serra<\/span><\/span>, <span class=\"hover:entity-accent entity-underline inline cursor-pointer align-baseline\"><span class=\"whitespace-normal\">Embu das Artes<\/span><\/span> e <span class=\"hover:entity-accent entity-underline inline cursor-pointer align-baseline\"><span class=\"whitespace-normal\">Itapecerica da Serra<\/span><\/span> ter\u00e3o uma nova oportunidade para regularizar o t\u00edtulo de eleitor antes das Elei\u00e7\u00f5es 2026. Os cart\u00f3rios eleitorais de S\u00e3o Paulo funcionar\u00e3o com hor\u00e1rio ampliado entre os dias <strong data-start=\"516\" data-end=\"534\">1\u00ba e 6 de maio<\/strong>, incluindo o feriado do Dia do Trabalho e o fim de semana.<\/p>\n<p data-start=\"595\" data-end=\"815\">A medida, adotada pelo <span class=\"hover:entity-accent entity-underline inline cursor-pointer align-baseline\"><span class=\"whitespace-normal\">Tribunal Regional Eleitoral de S\u00e3o Paulo<\/span><\/span>, tem como objetivo atender eleitores que precisam tirar o primeiro t\u00edtulo, transferir o domic\u00edlio eleitoral, atualizar dados ou realizar o cadastro biom\u00e9trico.<\/p>\n<p data-start=\"817\" data-end=\"1048\">O prazo \u00e9 decisivo: <strong data-start=\"837\" data-end=\"903\">6 de maio \u00e9 o \u00faltimo dia para regularizar a situa\u00e7\u00e3o eleitoral<\/strong>. A partir de 7 de maio, o cadastro ser\u00e1 fechado para a organiza\u00e7\u00e3o das elei\u00e7\u00f5es, cujo primeiro turno est\u00e1 marcado para <strong data-start=\"1023\" data-end=\"1047\">4 de outubro de 2026<\/strong>.<\/p>\n<p data-start=\"1050\" data-end=\"1107\">Durante o per\u00edodo especial, o atendimento ser\u00e1 realizado:<\/p>\n<ul data-start=\"1108\" data-end=\"1188\">\n<li data-section-id=\"1wjp4ih\" data-start=\"1108\" data-end=\"1148\"><strong data-start=\"1110\" data-end=\"1132\">De 1\u00ba a 3 de maio:<\/strong> das 9h \u00e0s 15h<\/li>\n<li data-section-id=\"144zbq9\" data-start=\"1149\" data-end=\"1188\"><strong data-start=\"1151\" data-end=\"1172\">De 4 a 6 de maio:<\/strong> das 9h \u00e0s 17h<\/li>\n<\/ul>\n<p data-start=\"1190\" data-end=\"1281\">O atendimento ser\u00e1 feito por ordem de chegada, respeitando as prioridades previstas em lei.<\/p>\n<h3 data-section-id=\"1qgaq4i\" data-start=\"1283\" data-end=\"1311\">Locais de atendimento<\/h3>\n<ul data-start=\"1313\" data-end=\"1594\">\n<li data-section-id=\"e2xj6a\" data-start=\"1313\" data-end=\"1425\"><strong data-start=\"1315\" data-end=\"1335\">Tabo\u00e3o da Serra:<\/strong> Avenida Armando de Andrade, 1.315 \u2013 Parque Santos Dumont (324\u00aa e 416\u00aa Zonas Eleitorais)<\/li>\n<li data-section-id=\"dj87fi\" data-start=\"1426\" data-end=\"1522\"><strong data-start=\"1428\" data-end=\"1447\">Embu das Artes:<\/strong> Parque do Lago Francisco Rizzo \u2013 Rua Alberto Giosa, 320 \u2013 Jardim Quinha\u00fa<\/li>\n<li data-section-id=\"vyq16y\" data-start=\"1523\" data-end=\"1594\"><strong data-start=\"1525\" data-end=\"1550\">Itapecerica da Serra:<\/strong> Rua David Farah, 25 \u2013 Jardim Santa Isabel<\/li>\n<\/ul>\n<p data-start=\"1596\" data-end=\"1753\">Antes de comparecer presencialmente, a recomenda\u00e7\u00e3o \u00e9 verificar a situa\u00e7\u00e3o eleitoral pelo autoatendimento da Justi\u00e7a Eleitoral, dispon\u00edvel no site do TRE-SP.<\/p>\n<p data-start=\"1755\" data-end=\"1924\">Eleitores que j\u00e1 possuem biometria cadastrada podem resolver pend\u00eancias online, como transfer\u00eancia de domic\u00edlio, atualiza\u00e7\u00e3o de dados e emiss\u00e3o da segunda via do t\u00edtulo.<\/p>\n<p data-start=\"1926\" data-end=\"2203\">Segundo dados do TRE-SP, at\u00e9 o fim de mar\u00e7o, mais de <strong data-start=\"1979\" data-end=\"2041\">88% do eleitorado paulista j\u00e1 possu\u00eda biometria cadastrada<\/strong>. Ainda assim, a aus\u00eancia da biometria n\u00e3o impede o voto, desde que o t\u00edtulo esteja regular e o eleitor apresente um documento oficial com foto no dia da elei\u00e7\u00e3o.<\/p>\n<h3 data-section-id=\"1hl4adj\" data-start=\"2205\" data-end=\"2234\">Documentos necess\u00e1rios<\/h3>\n<p data-start=\"2236\" data-end=\"2291\">Para o atendimento presencial, \u00e9 necess\u00e1rio apresentar:<\/p>\n<ul data-start=\"2292\" data-end=\"2360\">\n<li data-section-id=\"1b07jq4\" data-start=\"2292\" data-end=\"2322\">Documento oficial com foto<\/li>\n<li data-section-id=\"v8dhyd\" data-start=\"2323\" data-end=\"2360\">Comprovante de resid\u00eancia recente<\/li>\n<\/ul>\n<p data-start=\"2362\" data-end=\"2457\">Homens que completam 19 anos em 2026 tamb\u00e9m devem apresentar o certificado de quita\u00e7\u00e3o militar.<\/p>\n<h3 data-section-id=\"kbgag2\" data-start=\"2459\" data-end=\"2501\">Jovens tamb\u00e9m podem emitir o t\u00edtulo<\/h3>\n<p data-start=\"2503\" data-end=\"2726\">Jovens a partir de 15 anos j\u00e1 podem solicitar o t\u00edtulo de eleitor. No entanto, para votar nas Elei\u00e7\u00f5es 2026, \u00e9 necess\u00e1rio ter <strong data-start=\"2629\" data-end=\"2667\">16 anos completos at\u00e9 4 de outubro<\/strong>, conforme regras do <span class=\"hover:entity-accent entity-underline inline cursor-pointer align-baseline\"><span class=\"whitespace-normal\">Tribunal Superior Eleitoral<\/span><\/span>.<\/p>\n<p data-start=\"2728\" data-end=\"2737\">O voto \u00e9:<\/p>\n<ul data-start=\"2738\" data-end=\"2880\">\n<li data-section-id=\"w1vw6p\" data-start=\"2738\" data-end=\"2789\"><strong data-start=\"2740\" data-end=\"2755\">Obrigat\u00f3rio<\/strong> para pessoas entre 18 e 70 anos<\/li>\n<li data-section-id=\"1s1nlvx\" data-start=\"2790\" data-end=\"2880\"><strong data-start=\"2792\" data-end=\"2807\">Facultativo<\/strong> para jovens de 16 e 17 anos, maiores de 70 e pessoas n\u00e3o alfabetizadas<\/li>\n<\/ul>\n<h3 data-section-id=\"onew8v\" data-start=\"2882\" data-end=\"2907\">Servi\u00e7os gratuitos<\/h3>\n<p data-start=\"2909\" data-end=\"3101\">Todos os servi\u00e7os eleitorais s\u00e3o gratuitos. Eventuais cobran\u00e7as est\u00e3o relacionadas apenas a multas por aus\u00eancia n\u00e3o justificada em elei\u00e7\u00f5es anteriores, que tamb\u00e9m podem ser consultadas online.<\/p>\n<p data-start=\"3103\" data-end=\"3276\">Em caso de d\u00favidas, o eleitor pode entrar em contato com o TRE-SP pelo telefone <strong data-start=\"3183\" data-end=\"3190\">148<\/strong>, pelo WhatsApp <strong data-start=\"3206\" data-end=\"3224\">(11) 3130-2200<\/strong> ou pelo chatbot \u201cLina\u201d, dispon\u00edvel no site oficial.<\/p>\n<p data-start=\"3103\" data-end=\"3276\">\n<h6 data-start=\"3103\" data-end=\"3276\">(*) foto: Tabo\u00e3o em Foco<\/h6>\n","protected":false},"excerpt":{"rendered":"<p>Moradores de Tabo\u00e3o da Serra, Embu das Artes e Itapecerica da Serra ter\u00e3o uma nova oportunidade para regularizar o t\u00edtulo<\/p>\n","protected":false},"author":3,"featured_media":11341,"comment_status":"open","ping_status":"open","sticky":false,"template":"","format":"standard","meta":{"footnotes":""},"categories":[1,27,15,16,17,4,8,10],"tags":[],"class_list":["post-11340","post","type-post","status-publish","format-standard","has-post-thumbnail","hentry","category-destaque","category-destaque-2","category-embu-das-artes","category-itapecerica-da-serra","category-juquitiba","category-noticias","category-sao-lourenco","category-taboao-da-serra"],"_links":{"self":[{"href":"https:\/\/folhadopirajucara.com.br\/index.php\/wp-json\/wp\/v2\/posts\/11340"}],"collection":[{"href":"https:\/\/folhadopirajucara.com.br\/index.php\/wp-json\/wp\/v2\/posts"}],"about":[{"href":"https:\/\/folhadopirajucara.com.br\/index.php\/wp-json\/wp\/v2\/types\/post"}],"author":[{"embeddable":true,"href":"https:\/\/folhadopirajucara.com.br\/index.php\/wp-json\/wp\/v2\/users\/3"}],"replies":[{"embeddable":true,"href":"https:\/\/folhadopirajucara.com.br\/index.php\/wp-json\/wp\/v2\/comments?post=11340"}],"version-history":[{"count":1,"href":"https:\/\/folhadopirajucara.com.br\/index.php\/wp-json\/wp\/v2\/posts\/11340\/revisions"}],"predecessor-version":[{"id":11342,"href":"https:\/\/folhadopirajucara.com.br\/index.php\/wp-json\/wp\/v2\/posts\/11340\/revisions\/11342"}],"wp:featuredmedia":[{"embeddable":true,"href":"https:\/\/folhadopirajucara.com.br\/index.php\/wp-json\/wp\/v2\/media\/11341"}],"wp:attachment":[{"href":"https:\/\/folhadopirajucara.com.br\/index.php\/wp-json\/wp\/v2\/media?parent=11340"}],"wp:term":[{"taxonomy":"category","embeddable":true,"href":"https:\/\/folhadopirajucara.com.br\/index.php\/wp-json\/wp\/v2\/categories?post=11340"},{"taxonomy":"post_tag","embeddable":true,"href":"https:\/\/folhadopirajucara.com.br\/index.php\/wp-json\/wp\/v2\/tags?post=11340"}],"curies":[{"name":"wp","href":"https:\/\/api.w.org\/{rel}","templated":true}]}}