{"id":11343,"date":"2026-04-29T22:01:10","date_gmt":"2026-04-30T01:01:10","guid":{"rendered":"https:\/\/folhadopirajucara.com.br\/?p=11343"},"modified":"2026-04-29T22:01:10","modified_gmt":"2026-04-30T01:01:10","slug":"hangar-77-lanca-quintaneja-na-vespera-de-feriado-com-deia-lucena-no-palco","status":"publish","type":"post","link":"https:\/\/folhadopirajucara.com.br\/index.php\/2026\/04\/29\/hangar-77-lanca-quintaneja-na-vespera-de-feriado-com-deia-lucena-no-palco\/","title":{"rendered":"Hangar 77 lan\u00e7a Quintaneja na v\u00e9spera de feriado com Deia Lucena no palco"},"content":{"rendered":"<blockquote>\n<p style=\"text-align: center;\"><strong>Campe\u00e3 do Canta Kwai, Deia Lucena lidera a estreia do novo projeto da casa com participa\u00e7\u00e3o especial de Lucas Nascimento e organiza\u00e7\u00e3o de Chileno, ex-produtor do Samprazer, e do influencer Bruno Jacintho, do perfil Dicas Tabo\u00e3o<\/strong><\/p>\n<\/blockquote>\n<p>&nbsp;<\/p>\n<p dir=\"ltr\"><img loading=\"lazy\" decoding=\"async\" class=\"size-medium wp-image-11345 alignleft\" src=\"https:\/\/folhadopirajucara.com.br\/wp-content\/uploads\/2026\/04\/Hangar-77-lanca-Quintaneja-na-vespera-de-feriado-com-Deia-Lucena-no-palco-1-225x300.jpg\" alt=\"\" width=\"225\" height=\"300\" srcset=\"https:\/\/folhadopirajucara.com.br\/wp-content\/uploads\/2026\/04\/Hangar-77-lanca-Quintaneja-na-vespera-de-feriado-com-Deia-Lucena-no-palco-1-225x300.jpg 225w, https:\/\/folhadopirajucara.com.br\/wp-content\/uploads\/2026\/04\/Hangar-77-lanca-Quintaneja-na-vespera-de-feriado-com-Deia-Lucena-no-palco-1-768x1024.jpg 768w, https:\/\/folhadopirajucara.com.br\/wp-content\/uploads\/2026\/04\/Hangar-77-lanca-Quintaneja-na-vespera-de-feriado-com-Deia-Lucena-no-palco-1.jpg 960w\" sizes=\"(max-width: 225px) 100vw, 225px\" \/>Na v\u00e9spera do feriado, o Hangar 77 ser\u00e1 palco da Quintaneja, evento que marca o lan\u00e7amento de um novo projeto e promete movimentar Campo Limpo, Tabo\u00e3o da Serra e regi\u00e3o.<\/p>\n<p dir=\"ltr\">No dia 30 de abril, a partir das 20h, quem comanda a noite \u00e9 Deia Lucena, cantora e compositora, campe\u00e3 do reality Canta Kwai e um dos destaques da nova gera\u00e7\u00e3o do sertanejo.<\/p>\n<p dir=\"ltr\">Deia retorna \u00e0 regi\u00e3o ap\u00f3s apresenta\u00e7\u00f5es de grande repercuss\u00e3o e refor\u00e7a o v\u00ednculo com o p\u00fablico local. \u201cEu tenho uma conex\u00e3o muito especial com o p\u00fablico daqui. \u00c9 uma energia verdadeira, que me emociona e transforma cada show em algo \u00fanico. Estou preparando uma noite para ficar na mem\u00f3ria\u201d, afirma.<\/p>\n<p dir=\"ltr\">A noite contar\u00e1 ainda com a participa\u00e7\u00e3o especial de Lucas Nascimento, al\u00e9m da presen\u00e7a do sanfoneiro do Edson &amp; Hudson, agregando ainda mais identidade ao espet\u00e1culo e valorizando a ess\u00eancia do sertanejo.<\/p>\n<p dir=\"ltr\">A Quintaneja nasce com a proposta de se consolidar como um novo ponto de encontro do sertanejo na regi\u00e3o, sob organiza\u00e7\u00e3o de Chileno, ex-produtor do Samprazer, e do influencer Bruno Jacintho, do perfil Dicas Tabo\u00e3o, nomes que chegam para fortalecer a cena local e impulsionar o projeto.<\/p>\n<p dir=\"ltr\">A casa oferece entrada VIP das 20h \u00e0s 21h. Ap\u00f3s esse hor\u00e1rio, os ingressos custam R$ 15 para homens e R$ 5 para mulheres.<\/p>\n<p dir=\"ltr\">Para completar a experi\u00eancia, o p\u00fablico poder\u00e1 aproveitar promo\u00e7\u00f5es como double drink de Gin, double caipirinha e rosh de narguil\u00e9 por apenas R$ 19,90, criando o clima ideal para celebrar a v\u00e9spera de feriado.<\/p>\n<p dir=\"ltr\" style=\"text-align: center;\"><strong>Servi\u00e7o:\u00a0<\/strong><\/p>\n<p dir=\"ltr\"><strong>Quintaneja Hangar 77<\/strong><\/p>\n<p dir=\"ltr\">Data: 30 de abril<\/p>\n<p dir=\"ltr\">Hor\u00e1rio: a partir das 20h<\/p>\n<p dir=\"ltr\">Local: Hangar 77<\/p>\n<p dir=\"ltr\">Endere\u00e7o: Av. Dr. Jo\u00e3o Guimar\u00e3es, 691 \u2013 Jardim Tabo\u00e3o \u2013 S\u00e3o Paulo (SP)<\/p>\n<p dir=\"ltr\">Refer\u00eancia: pr\u00f3ximo ao antigo Extra do centro de Tabo\u00e3o da Serra<\/p>\n<p dir=\"ltr\">Entrada: VIP das 20h \u00e0s 21h | Ap\u00f3s R$ 15 (homem) e R$ 5 (mulher)<\/p>\n<p dir=\"ltr\">\n<h6 dir=\"ltr\">(*) <i>Jornalista Renata Gomes (RG Comunica\u00e7\u00e3o Estrat\u00e9gica) (*) foto: Divulga\u00e7\u00e3o<\/i><\/h6>\n","protected":false},"excerpt":{"rendered":"<p>Campe\u00e3 do Canta Kwai, Deia Lucena lidera a estreia do novo projeto da casa com participa\u00e7\u00e3o especial de Lucas Nascimento<\/p>\n","protected":false},"author":3,"featured_media":11344,"comment_status":"open","ping_status":"open","sticky":false,"template":"","format":"standard","meta":{"footnotes":""},"categories":[1,27,4,10],"tags":[],"class_list":["post-11343","post","type-post","status-publish","format-standard","has-post-thumbnail","hentry","category-destaque","category-destaque-2","category-noticias","category-taboao-da-serra"],"_links":{"self":[{"href":"https:\/\/folhadopirajucara.com.br\/index.php\/wp-json\/wp\/v2\/posts\/11343"}],"collection":[{"href":"https:\/\/folhadopirajucara.com.br\/index.php\/wp-json\/wp\/v2\/posts"}],"about":[{"href":"https:\/\/folhadopirajucara.com.br\/index.php\/wp-json\/wp\/v2\/types\/post"}],"author":[{"embeddable":true,"href":"https:\/\/folhadopirajucara.com.br\/index.php\/wp-json\/wp\/v2\/users\/3"}],"replies":[{"embeddable":true,"href":"https:\/\/folhadopirajucara.com.br\/index.php\/wp-json\/wp\/v2\/comments?post=11343"}],"version-history":[{"count":1,"href":"https:\/\/folhadopirajucara.com.br\/index.php\/wp-json\/wp\/v2\/posts\/11343\/revisions"}],"predecessor-version":[{"id":11346,"href":"https:\/\/folhadopirajucara.com.br\/index.php\/wp-json\/wp\/v2\/posts\/11343\/revisions\/11346"}],"wp:featuredmedia":[{"embeddable":true,"href":"https:\/\/folhadopirajucara.com.br\/index.php\/wp-json\/wp\/v2\/media\/11344"}],"wp:attachment":[{"href":"https:\/\/folhadopirajucara.com.br\/index.php\/wp-json\/wp\/v2\/media?parent=11343"}],"wp:term":[{"taxonomy":"category","embeddable":true,"href":"https:\/\/folhadopirajucara.com.br\/index.php\/wp-json\/wp\/v2\/categories?post=11343"},{"taxonomy":"post_tag","embeddable":true,"href":"https:\/\/folhadopirajucara.com.br\/index.php\/wp-json\/wp\/v2\/tags?post=11343"}],"curies":[{"name":"wp","href":"https:\/\/api.w.org\/{rel}","templated":true}]}}