{"id":11348,"date":"2026-04-29T22:04:00","date_gmt":"2026-04-30T01:04:00","guid":{"rendered":"https:\/\/folhadopirajucara.com.br\/?p=11348"},"modified":"2026-04-29T22:04:00","modified_gmt":"2026-04-30T01:04:00","slug":"2o-forum-do-terceiro-setor-fortalece-organizacoes-e-debate-impacto-social-em-itapecerica-da-serra","status":"publish","type":"post","link":"https:\/\/folhadopirajucara.com.br\/index.php\/2026\/04\/29\/2o-forum-do-terceiro-setor-fortalece-organizacoes-e-debate-impacto-social-em-itapecerica-da-serra\/","title":{"rendered":"2\u00ba F\u00f3rum do Terceiro Setor fortalece organiza\u00e7\u00f5es e debate impacto social em Itapecerica da Serra"},"content":{"rendered":"<p class=\"post-description\">A Prefeitura de Itapecerica da Serra realizou, no dia 24 de abril, o 2\u00ba F\u00f3rum do Terceiro Setor, reunindo representantes de organiza\u00e7\u00f5es sociais, associa\u00e7\u00f5es, gestores p\u00fablicos, volunt\u00e1rios e interessados no desenvolvimento social do munic\u00edpio.<\/p>\n<div data-grid=\"small-spacing center justify\">Com o tema \u201cComo estruturar sua ONG para captar recursos e gerar impacto real\u201d, o evento aconteceu no Parque do Povo (Sal\u00e3o de Eventos), no Jardim Elisa, e promoveu importantes discuss\u00f5es sobre o papel das organiza\u00e7\u00f5es sem fins lucrativos nas \u00e1reas de educa\u00e7\u00e3o, sa\u00fade, meio ambiente e direitos sociais.<\/p>\n<p>Um dos destaques da programa\u00e7\u00e3o foi a participa\u00e7\u00e3o da palestrante Silvia Abranches, presidente da FENTS, que compartilhou sua experi\u00eancia e orienta\u00e7\u00f5es sobre estrutura\u00e7\u00e3o, sustentabilidade e capta\u00e7\u00e3o de recursos para institui\u00e7\u00f5es do terceiro setor.<\/p>\n<p>O f\u00f3rum tamb\u00e9m proporcionou troca de conhecimentos, fortalecimento de parcerias e incentivo a pr\u00e1ticas mais eficientes e sustent\u00e1veis entre as entidades participantes.<\/p>\n<p>Estiveram presentes os vereadores Gustavo Mariani, Dunga e Cl\u00e9o do Parque Uni\u00e3o (representando o mandato coletivo Cl\u00e9o Pq. Uni\u00e3o e Jones Donizette Jr.), al\u00e9m dos secret\u00e1rios Renato Rainha (Governo, Ci\u00eancia e Tecnologia) e Soraia Leal (Cultura), a superintendente de Sa\u00fade Simone da Luz e o assessor especial Patrick da Luz, idealizador do evento.<\/p>\n<p>A iniciativa contou com o apoio da Secretaria de Governo, Ci\u00eancia e Tecnologia e da Secretaria de Cultura, refor\u00e7ando o compromisso da administra\u00e7\u00e3o municipal com o fortalecimento das a\u00e7\u00f5es sociais e o desenvolvimento da cidade.<\/p><\/div>\n<div data-grid=\"small-spacing center justify\"><\/div>\n<h6 data-grid=\"small-spacing center justify\">(*) Depto Com. Itap. Serra<\/h6>\n","protected":false},"excerpt":{"rendered":"<p>A Prefeitura de Itapecerica da Serra realizou, no dia 24 de abril, o 2\u00ba F\u00f3rum do Terceiro Setor, reunindo representantes<\/p>\n","protected":false},"author":3,"featured_media":11349,"comment_status":"open","ping_status":"open","sticky":false,"template":"","format":"standard","meta":{"footnotes":""},"categories":[1,27,16,4],"tags":[],"class_list":["post-11348","post","type-post","status-publish","format-standard","has-post-thumbnail","hentry","category-destaque","category-destaque-2","category-itapecerica-da-serra","category-noticias"],"_links":{"self":[{"href":"https:\/\/folhadopirajucara.com.br\/index.php\/wp-json\/wp\/v2\/posts\/11348"}],"collection":[{"href":"https:\/\/folhadopirajucara.com.br\/index.php\/wp-json\/wp\/v2\/posts"}],"about":[{"href":"https:\/\/folhadopirajucara.com.br\/index.php\/wp-json\/wp\/v2\/types\/post"}],"author":[{"embeddable":true,"href":"https:\/\/folhadopirajucara.com.br\/index.php\/wp-json\/wp\/v2\/users\/3"}],"replies":[{"embeddable":true,"href":"https:\/\/folhadopirajucara.com.br\/index.php\/wp-json\/wp\/v2\/comments?post=11348"}],"version-history":[{"count":1,"href":"https:\/\/folhadopirajucara.com.br\/index.php\/wp-json\/wp\/v2\/posts\/11348\/revisions"}],"predecessor-version":[{"id":11350,"href":"https:\/\/folhadopirajucara.com.br\/index.php\/wp-json\/wp\/v2\/posts\/11348\/revisions\/11350"}],"wp:featuredmedia":[{"embeddable":true,"href":"https:\/\/folhadopirajucara.com.br\/index.php\/wp-json\/wp\/v2\/media\/11349"}],"wp:attachment":[{"href":"https:\/\/folhadopirajucara.com.br\/index.php\/wp-json\/wp\/v2\/media?parent=11348"}],"wp:term":[{"taxonomy":"category","embeddable":true,"href":"https:\/\/folhadopirajucara.com.br\/index.php\/wp-json\/wp\/v2\/categories?post=11348"},{"taxonomy":"post_tag","embeddable":true,"href":"https:\/\/folhadopirajucara.com.br\/index.php\/wp-json\/wp\/v2\/tags?post=11348"}],"curies":[{"name":"wp","href":"https:\/\/api.w.org\/{rel}","templated":true}]}}