{"id":1152,"date":"2018-10-27T16:23:59","date_gmt":"2018-10-27T19:23:59","guid":{"rendered":"http:\/\/folhadopirajucara.com.br\/?p=1152"},"modified":"2018-10-27T16:23:59","modified_gmt":"2018-10-27T19:23:59","slug":"estacao-morumbi-da-linha-amarela-do-metro-e-inaugurada","status":"publish","type":"post","link":"https:\/\/folhadopirajucara.com.br\/index.php\/2018\/10\/27\/estacao-morumbi-da-linha-amarela-do-metro-e-inaugurada\/","title":{"rendered":"Esta\u00e7\u00e3o Morumbi da linha amarela do Metr\u00f4 \u00e9 inaugurada"},"content":{"rendered":"<p><img loading=\"lazy\" decoding=\"async\" class=\"size-medium wp-image-1153 alignleft\" src=\"https:\/\/folhadopirajucara.com.br\/wp-content\/uploads\/2018\/10\/inaugura\u00e7\u00e3o-morumbi-site-300x225.jpg\" alt=\"\" width=\"300\" height=\"225\" srcset=\"https:\/\/folhadopirajucara.com.br\/wp-content\/uploads\/2018\/10\/inaugura\u00e7\u00e3o-morumbi-site-300x225.jpg 300w, https:\/\/folhadopirajucara.com.br\/wp-content\/uploads\/2018\/10\/inaugura\u00e7\u00e3o-morumbi-site-768x576.jpg 768w, https:\/\/folhadopirajucara.com.br\/wp-content\/uploads\/2018\/10\/inaugura\u00e7\u00e3o-morumbi-site.jpg 800w\" sizes=\"(max-width: 300px) 100vw, 300px\" \/><\/p>\n<p>Inaugurada neste s\u00e1bado 27\/10 nova esta\u00e7\u00e3o do metr\u00f4 da Capital. O evento contou com a presen\u00e7a do prefeito Bruno Covas de S\u00e3o Paulo, da Deputada Estadual Analice Fernandes, do secret\u00e1rio de Transportes Metropolitanos Clodoaldo Pelissioni e da vereadora taboanense Rita de C\u00e1ssia, entre outros convidados.<\/p>\n<p>A esta\u00e7\u00e3o Morumbi da Linha 4-Amarela do Metr\u00f4, na Zona Sul de S\u00e3o Paulo, foi inaugurada.Com isso, a Linha 4, operada pela concession\u00e1ria ViaQuatro, passa a ter 11,3 km de extens\u00e3o e 10 esta\u00e7\u00f5es.<\/p>\n<p>A esta\u00e7\u00e3o foi aberta oficialmente \u00e0s 10h deste s\u00e1bado, e funcionar\u00e1, por enquanto, das 10h \u00e0s 15h, j\u00e1 com a cobran\u00e7a da passagem.<\/p>\n<p>A esta\u00e7\u00e3o foi entregada sem integra\u00e7\u00e3o com o terminal de \u00f4nibus, que, segundo a Secretaria de Transportes Metropolitanos, ficar\u00e1 pronta junto \u00e0 esta\u00e7\u00e3o em 45 dias.<\/p>\n<p>Em visita t\u00e9cnica \u00e0 esta\u00e7\u00e3o no dia 26\/10, o governador e candidato \u00e0 reelei\u00e7\u00e3o M\u00e1rcio Fran\u00e7a disse que 28 mil pessoas ir\u00e3o utilizar a esta\u00e7\u00e3o por dia e que ela ir\u00e1 abrir neste s\u00e1bado \u201cde maneira progressiva\u201d.<\/p>\n<p>O governador tamb\u00e9m falou que, em dias de shows no est\u00e1dio do Morumbi, ir\u00e1 tentar deixar a esta\u00e7\u00e3o aberta at\u00e9 mais tarde, assim como \u00e9 feito na esta\u00e7\u00e3o Corinthians-Itaquera em dias de jogo. &#8220;Vamos tentar abrir para poder servir as pessoas que v\u00e3o se utilizar da esta\u00e7\u00e3o&#8221;.<\/p>\n<p>Fran\u00e7a tamb\u00e9m se disse &#8220;contente&#8221; com a abertura da esta\u00e7\u00e3o, que come\u00e7ar\u00e1 funcionando de forma progressiva. &#8220;\u00e9 uma reivindica\u00e7\u00e3o antiga da regi\u00e3o, em especial para os s\u00e3o-paulinos que v\u00e3o poder assistir ao jogo aqui de maneira mais f\u00e1cil&#8221;.<\/p>\n<p>&nbsp;<\/p>\n<p><strong>Linha 4-Amarela<\/strong><\/p>\n<p>&nbsp;<\/p>\n<p>Quando a esta\u00e7\u00e3o Vila S\u00f4nia for inaugurada, a Linha 4 ter\u00e1 11 esta\u00e7\u00f5es, ao longo de quase 13 km entre a Luz e a Vila S\u00f4nia. O contrato para in\u00edcio da primeira fase das obras foi assinado em novembro de 2006.<\/p>\n<p>As primeiras esta\u00e7\u00f5es inauguradas foram Paulista e Faria Lima, em maio de 2010, e a segunda fase de obras teve licita\u00e7\u00e3o fechada em 2012 por R$ 1,8 bilh\u00e3o. Mas, dentro desta etapa, apenas a esta\u00e7\u00e3o Fradique Coutinho foi aberta, em novembro de 2014.<\/p>\n<p>A Linha Amarela do Metr\u00f4 come\u00e7ou a ser constru\u00edda h\u00e1 14 anos. Segundo o secret\u00e1rio Clodoaldo Pelissioni, a expectativa \u00e9 que a esta\u00e7\u00e3o Vila S\u00f4nia do Metr\u00f4 seja entregue entre o final de 2019 e o come\u00e7o de 2020.<\/p>\n<p>&nbsp;<\/p>\n<p><strong>Cortesias <\/strong><\/p>\n<p>&nbsp;<\/p>\n<p>O prefeito de S\u00e3o Paulo, Bruno Covas agradeceu as presen\u00e7as da Deputada Estadual Analice Fernandes e da vereadora Rita de C\u00e1ssia.<\/p>\n<p>A vereadora Rita de C\u00e1ssia, em declara\u00e7\u00e3o ao jornal disse que ainda acredita na extens\u00e3o do Metro ate Tabo\u00e3o da Serra. \u201cEu creio que enquanto houver esperan\u00e7a, devemos permanecer na luta e a nossa esperan\u00e7a \u00e9 a nossa Deputada Analice Fernandes, que, na Assembl\u00e9ia Legislativa, n\u00e3o poupar\u00e1 esfor\u00e7os para que esse nosso sonho se torne realidade\u201d disse ela.<\/p>\n","protected":false},"excerpt":{"rendered":"<p>Inaugurada neste s\u00e1bado 27\/10 nova esta\u00e7\u00e3o do metr\u00f4 da Capital. O evento contou com a presen\u00e7a do prefeito Bruno Covas<\/p>\n","protected":false},"author":3,"featured_media":1154,"comment_status":"open","ping_status":"open","sticky":false,"template":"","format":"standard","meta":{"footnotes":""},"categories":[1,10],"tags":[],"class_list":["post-1152","post","type-post","status-publish","format-standard","has-post-thumbnail","hentry","category-destaque","category-taboao-da-serra"],"_links":{"self":[{"href":"https:\/\/folhadopirajucara.com.br\/index.php\/wp-json\/wp\/v2\/posts\/1152"}],"collection":[{"href":"https:\/\/folhadopirajucara.com.br\/index.php\/wp-json\/wp\/v2\/posts"}],"about":[{"href":"https:\/\/folhadopirajucara.com.br\/index.php\/wp-json\/wp\/v2\/types\/post"}],"author":[{"embeddable":true,"href":"https:\/\/folhadopirajucara.com.br\/index.php\/wp-json\/wp\/v2\/users\/3"}],"replies":[{"embeddable":true,"href":"https:\/\/folhadopirajucara.com.br\/index.php\/wp-json\/wp\/v2\/comments?post=1152"}],"version-history":[{"count":0,"href":"https:\/\/folhadopirajucara.com.br\/index.php\/wp-json\/wp\/v2\/posts\/1152\/revisions"}],"wp:featuredmedia":[{"embeddable":true,"href":"https:\/\/folhadopirajucara.com.br\/index.php\/wp-json\/wp\/v2\/media\/1154"}],"wp:attachment":[{"href":"https:\/\/folhadopirajucara.com.br\/index.php\/wp-json\/wp\/v2\/media?parent=1152"}],"wp:term":[{"taxonomy":"category","embeddable":true,"href":"https:\/\/folhadopirajucara.com.br\/index.php\/wp-json\/wp\/v2\/categories?post=1152"},{"taxonomy":"post_tag","embeddable":true,"href":"https:\/\/folhadopirajucara.com.br\/index.php\/wp-json\/wp\/v2\/tags?post=1152"}],"curies":[{"name":"wp","href":"https:\/\/api.w.org\/{rel}","templated":true}]}}