{"id":11754,"date":"2026-08-29T11:00:28","date_gmt":"2026-08-29T14:00:28","guid":{"rendered":"https:\/\/folhadopirajucara.com.br\/?p=11754"},"modified":"2026-08-30T11:01:45","modified_gmt":"2026-08-30T14:01:45","slug":"edital-de-convocacao-cooperativa-habitacional-sua-casa","status":"publish","type":"post","link":"https:\/\/folhadopirajucara.com.br\/index.php\/2026\/08\/29\/edital-de-convocacao-cooperativa-habitacional-sua-casa\/","title":{"rendered":"Edital de Convoca\u00e7\u00e3o COOPERATIVA HABITACIONAL SUA CASA"},"content":{"rendered":"<p><strong>O Presidente da COOPERATIVA HABITACIONAL SUA CASA,<\/strong> no exerc\u00edcio de suas atribui\u00e7\u00f5es legais e estatut\u00e1rias, convoca os associados em pleno gozo de\u00a0 seus direitos sociais para a <strong>ASSEMBLEIA GERAL EXTRAORDIN\u00c1RIA &#8211;\u00a0 AGE<\/strong>, a realizar-se no dia <strong>26 de setembro de 2026<\/strong> (s\u00e1bado), na sede social da Cooperativa, situada na Estrada Kizaemon Takeuti, n\u00ba 579, Jardim Clementino, Tabo\u00e3o da Serra\/SP, CEP 06775-000, \u00e1s 07h00,em primeira convoca\u00e7\u00e3o, com a presen\u00e7a m\u00ednima de 2\/3 dos associados comput\u00e1veis; \u00e1s 08h00, em segunda convoca\u00e7\u00e3o, com metade mais um; e \u00e1s 09h00, em terceira e \u00faltima convoca\u00e7\u00e3o, com o m\u00ednimo de 10 associados, observadas as disposi\u00e7\u00f5es estatut\u00e1rias.<\/p>\n<p>&nbsp;<\/p>\n<p style=\"text-align: center;\"><strong>ORDEM DO DIA:<\/strong><\/p>\n<p>&nbsp;<\/p>\n<ol>\n<li>Comunica\u00e7\u00e3o e registro das vac\u00e2ncias existentes na Diretoria Executiva e Delibera\u00e7\u00e3o acerca das provid\u00eancias decorrentes;<\/li>\n<li>Preenchimento dos cargos vagos de Diretor Administrativo e Diretor Secret\u00e1rio, para cumprimento de mandato-tamp\u00e3o, destinado exclusivamente a completar o per\u00edodo remanescente dos respectivos mandatos, nos termos da Cl\u00e1usula 59, \u00a72\u00ba, do Estatuto Social, sem altera\u00e7\u00e3o dos cargos de Diretor-Presidente e Diretor Comercial;<\/li>\n<\/ol>\n<ul>\n<li>Posse dos substitutos e autoriza\u00e7\u00e3o para a pr\u00e1tica dos atos necess\u00e1rios \u00e1 atualiza\u00e7\u00e3o da composi\u00e7\u00e3o da Diretoria perante a JUCESP, REDESIM\/Receita Federal, institui\u00e7\u00f5es financeiras e demais cadastros aplic\u00e1veis.<\/li>\n<\/ul>\n","protected":false},"excerpt":{"rendered":"<p>O Presidente da COOPERATIVA HABITACIONAL SUA CASA, no exerc\u00edcio de suas atribui\u00e7\u00f5es legais e estatut\u00e1rias, convoca os associados em pleno<\/p>\n","protected":false},"author":3,"featured_media":11464,"comment_status":"open","ping_status":"open","sticky":false,"template":"","format":"standard","meta":{"colormag_page_container_layout":"default_layout","colormag_page_sidebar_layout":"default_layout","footnotes":""},"categories":[1,27,39],"tags":[],"class_list":["post-11754","post","type-post","status-publish","format-standard","has-post-thumbnail","hentry","category-destaque","category-destaque-2","category-edital"],"_links":{"self":[{"href":"https:\/\/folhadopirajucara.com.br\/index.php\/wp-json\/wp\/v2\/posts\/11754"}],"collection":[{"href":"https:\/\/folhadopirajucara.com.br\/index.php\/wp-json\/wp\/v2\/posts"}],"about":[{"href":"https:\/\/folhadopirajucara.com.br\/index.php\/wp-json\/wp\/v2\/types\/post"}],"author":[{"embeddable":true,"href":"https:\/\/folhadopirajucara.com.br\/index.php\/wp-json\/wp\/v2\/users\/3"}],"replies":[{"embeddable":true,"href":"https:\/\/folhadopirajucara.com.br\/index.php\/wp-json\/wp\/v2\/comments?post=11754"}],"version-history":[{"count":1,"href":"https:\/\/folhadopirajucara.com.br\/index.php\/wp-json\/wp\/v2\/posts\/11754\/revisions"}],"predecessor-version":[{"id":11755,"href":"https:\/\/folhadopirajucara.com.br\/index.php\/wp-json\/wp\/v2\/posts\/11754\/revisions\/11755"}],"wp:featuredmedia":[{"embeddable":true,"href":"https:\/\/folhadopirajucara.com.br\/index.php\/wp-json\/wp\/v2\/media\/11464"}],"wp:attachment":[{"href":"https:\/\/folhadopirajucara.com.br\/index.php\/wp-json\/wp\/v2\/media?parent=11754"}],"wp:term":[{"taxonomy":"category","embeddable":true,"href":"https:\/\/folhadopirajucara.com.br\/index.php\/wp-json\/wp\/v2\/categories?post=11754"},{"taxonomy":"post_tag","embeddable":true,"href":"https:\/\/folhadopirajucara.com.br\/index.php\/wp-json\/wp\/v2\/tags?post=11754"}],"curies":[{"name":"wp","href":"https:\/\/api.w.org\/{rel}","templated":true}]}}