{"id":11763,"date":"2026-09-03T05:57:12","date_gmt":"2026-09-03T08:57:12","guid":{"rendered":"https:\/\/folhadopirajucara.com.br\/?p=11763"},"modified":"2026-09-03T05:57:12","modified_gmt":"2026-09-03T08:57:12","slug":"prefeito-ramon-corsini-da-inicio-as-obras-do-novo-pronto-socorro-central-adulto-e-infantil","status":"publish","type":"post","link":"https:\/\/folhadopirajucara.com.br\/index.php\/2026\/09\/03\/prefeito-ramon-corsini-da-inicio-as-obras-do-novo-pronto-socorro-central-adulto-e-infantil\/","title":{"rendered":"Prefeito Ramon Corsini d\u00e1 in\u00edcio \u00e0s obras do novo Pronto-Socorro Central Adulto e Infantil"},"content":{"rendered":"<p><img loading=\"lazy\" decoding=\"async\" class=\"size-medium wp-image-11765 alignleft\" src=\"https:\/\/folhadopirajucara.com.br\/wp-content\/uploads\/2026\/09\/Lancamento-obras-PS-7-300x225.jpeg\" alt=\"\" width=\"300\" height=\"225\" srcset=\"https:\/\/folhadopirajucara.com.br\/wp-content\/uploads\/2026\/09\/Lancamento-obras-PS-7-300x225.jpeg 300w, https:\/\/folhadopirajucara.com.br\/wp-content\/uploads\/2026\/09\/Lancamento-obras-PS-7-1024x768.jpeg 1024w, https:\/\/folhadopirajucara.com.br\/wp-content\/uploads\/2026\/09\/Lancamento-obras-PS-7-768x576.jpeg 768w, https:\/\/folhadopirajucara.com.br\/wp-content\/uploads\/2026\/09\/Lancamento-obras-PS-7-1536x1152.jpeg 1536w, https:\/\/folhadopirajucara.com.br\/wp-content\/uploads\/2026\/09\/Lancamento-obras-PS-7-2048x1536.jpeg 2048w\" sizes=\"(max-width: 300px) 100vw, 300px\" \/>\u201cO maior projeto de sa\u00fade da hist\u00f3ria de Itapecerica da Serra come\u00e7a hoje\u201d. Com esta frase o prefeito de Itapecerica da Serra, Dr. Ramon Corsini, resumiu a import\u00e2ncia da a\u00e7\u00e3o realizada na \u00faltima segunda-feira, 31 de agosto, durante o ato pelo in\u00edcio das obras do novo Pronto-Socorro Central Adulto e Infantil. \u201cPara voc\u00eas terem uma ideia da magnitude dessa obra, vamos sair de 20 leitos de interna\u00e7\u00e3o do pronto-socorro atual para 65 leitos no novo PS\u201d, destacou o prefeito.<\/p>\n<p>Projeto aguardado h\u00e1 anos pela popula\u00e7\u00e3o, a iniciativa representa um avan\u00e7o na estrutura de atendimento de urg\u00eancia e emerg\u00eancia da cidade ao ampliar e modernizar a estrutura atualmente dispon\u00edvel. Com o crescimento do munic\u00edpio, o atual Pronto-Socorro Central passou a n\u00e3o ter condi\u00e7\u00f5es de atender de forma adequada \u00e0s demandas da popula\u00e7\u00e3o.<\/p>\n<p>De acordo com o vice-prefeito Allan Dias, \u201c\u00e9 um projeto ousado, de aproximadamente R$ 17 milh\u00f5es de investimento. Isso \u00e9 fruto de empenho e dedica\u00e7\u00e3o dessa grande equipe\u201d.<\/p>\n<p>A constru\u00e7\u00e3o do novo equipamento de sa\u00fade, na rua Juvenal Luz, Centro, representa uma iniciativa com olhar voltado n\u00e3o apenas para as necessidades atuais, mas tamb\u00e9m para o futuro do munic\u00edpio.<\/p>\n<p>O ato pelo in\u00edcio da obra, de aproximadamente quatro mil metros, contou com a presen\u00e7a do prefeito Dr. Ramon Corsini, vice-prefeito Allan Dias, superintendente de Sa\u00fade Simone Luz, secret\u00e1rio de Obras Fernando Andrade, demais secret\u00e1rios e vereadores, que destinaram emendas fundamentais para a concretiza\u00e7\u00e3o do projeto.<\/p>\n<p>A conquista soma-se a outra obra de extrema relev\u00e2ncia na cidade, anunciada em maio pelo prefeito, que est\u00e1 em execu\u00e7\u00e3o: a constru\u00e7\u00e3o da Policl\u00ednica no \u2018S\u00edtio dos Patos\u2019.<\/p>\n<p>&nbsp;<\/p>\n<h6>(*)\u00a0<b>Departamento de Comunica\u00e7\u00e3o<\/b><\/h6>\n<div>\n<div class=\"gmail_signature\" dir=\"ltr\">\n<div dir=\"ltr\"><\/div>\n<\/div>\n<\/div>\n","protected":false},"excerpt":{"rendered":"<p>\u201cO maior projeto de sa\u00fade da hist\u00f3ria de Itapecerica da Serra come\u00e7a hoje\u201d. Com esta frase o prefeito de Itapecerica<\/p>\n","protected":false},"author":3,"featured_media":11764,"comment_status":"open","ping_status":"open","sticky":false,"template":"","format":"standard","meta":{"colormag_page_container_layout":"default_layout","colormag_page_sidebar_layout":"default_layout","footnotes":""},"categories":[1,27,16,4],"tags":[],"class_list":["post-11763","post","type-post","status-publish","format-standard","has-post-thumbnail","hentry","category-destaque","category-destaque-2","category-itapecerica-da-serra","category-noticias"],"_links":{"self":[{"href":"https:\/\/folhadopirajucara.com.br\/index.php\/wp-json\/wp\/v2\/posts\/11763"}],"collection":[{"href":"https:\/\/folhadopirajucara.com.br\/index.php\/wp-json\/wp\/v2\/posts"}],"about":[{"href":"https:\/\/folhadopirajucara.com.br\/index.php\/wp-json\/wp\/v2\/types\/post"}],"author":[{"embeddable":true,"href":"https:\/\/folhadopirajucara.com.br\/index.php\/wp-json\/wp\/v2\/users\/3"}],"replies":[{"embeddable":true,"href":"https:\/\/folhadopirajucara.com.br\/index.php\/wp-json\/wp\/v2\/comments?post=11763"}],"version-history":[{"count":1,"href":"https:\/\/folhadopirajucara.com.br\/index.php\/wp-json\/wp\/v2\/posts\/11763\/revisions"}],"predecessor-version":[{"id":11766,"href":"https:\/\/folhadopirajucara.com.br\/index.php\/wp-json\/wp\/v2\/posts\/11763\/revisions\/11766"}],"wp:featuredmedia":[{"embeddable":true,"href":"https:\/\/folhadopirajucara.com.br\/index.php\/wp-json\/wp\/v2\/media\/11764"}],"wp:attachment":[{"href":"https:\/\/folhadopirajucara.com.br\/index.php\/wp-json\/wp\/v2\/media?parent=11763"}],"wp:term":[{"taxonomy":"category","embeddable":true,"href":"https:\/\/folhadopirajucara.com.br\/index.php\/wp-json\/wp\/v2\/categories?post=11763"},{"taxonomy":"post_tag","embeddable":true,"href":"https:\/\/folhadopirajucara.com.br\/index.php\/wp-json\/wp\/v2\/tags?post=11763"}],"curies":[{"name":"wp","href":"https:\/\/api.w.org\/{rel}","templated":true}]}}