{"id":11767,"date":"2026-09-03T06:04:20","date_gmt":"2026-09-03T09:04:20","guid":{"rendered":"https:\/\/folhadopirajucara.com.br\/?p=11767"},"modified":"2026-09-03T06:04:20","modified_gmt":"2026-09-03T09:04:20","slug":"camara-de-taboao-da-serra-aprova-oito-projeto-em-sessao","status":"publish","type":"post","link":"https:\/\/folhadopirajucara.com.br\/index.php\/2026\/09\/03\/camara-de-taboao-da-serra-aprova-oito-projeto-em-sessao\/","title":{"rendered":"C\u00e2mara de Tabo\u00e3o da Serra aprova oito projeto em Sess\u00e3o"},"content":{"rendered":"<p>A C\u00e2mara Municipal de Tabo\u00e3o da Serra aprovou oito projetos durante a sess\u00e3o realizada nesta ter\u00e7a-feira, dia 1\u00ba. As propostas abrangem \u00e1reas como educa\u00e7\u00e3o, sa\u00fade, mobilidade, prote\u00e7\u00e3o animal, inclus\u00e3o, seguran\u00e7a vi\u00e1ria e organiza\u00e7\u00e3o urbana.<\/p>\n<p>A sess\u00e3o contou com a presen\u00e7a do prefeito Engenheiro Daniel e da vice-prefeita \u00c9rica Franquini e marcou o retorno do vereador Marcos Paulo \u00e0 C\u00e2mara Municipal. Ele estava licenciado do mandato para ocupar o cargo de secret\u00e1rio municipal de Transportes e Mobilidade Urbana.<\/p>\n<p>\u201cQuero, com muita alegria, poder voltar a usar essa tribuna, que me foi garantida pelo voto popular. E como \u00e9 bom poder voltar a esta Casa de Leis. Foi um tempo de aprendizado o nosso licenciamento para assumir a Secretaria de Transporte\u201d, afirmou Marcos Paulo.<\/p>\n<p>\u00c9rica Franquini destacou a atua\u00e7\u00e3o do vereador durante o per\u00edodo em que esteve no Executivo. \u201cQuero parabenizar o vereador Marcos Paulo pelo trabalho desenvolvido na Secretaria de Tr\u00e2nsito. Marcos, n\u00e3o \u00e9 f\u00e1cil ser secret\u00e1rio, mas quero parabeniz\u00e1-lo pelo trabalho e tamb\u00e9m pela sua volta \u00e0 C\u00e2mara\u201d, disse a vice-prefeita.<\/p>\n<p>O prefeito Engenheiro Daniel tamb\u00e9m agradeceu o trabalho realizado por Marcos Paulo na pasta. \u201cQuero te agradecer por todo o trabalho que voc\u00ea fez na Secretaria de Mobilidade. Voc\u00ea fez isso muito bem, fez um grande trabalho, buscou melhorar as vias e trazer mais mobilidade para a cidade. Seja bem-vindo novamente a esta Casa de Leis\u201d, declarou.<\/p>\n<p>Com o retorno de Marcos Paulo, Thamires de C\u00e1ssia, que exerceu o mandato durante o per\u00edodo de licen\u00e7a do parlamentar, volta \u00e0 condi\u00e7\u00e3o de primeira suplente. O prefeito tamb\u00e9m reconheceu o trabalho realizado por ela na C\u00e2mara.<\/p>\n<p>\u201cA Thamires foi muito importante nesses dois primeiros anos do nosso mandato. Fez um grande papel na C\u00e2mara Municipal, deixando um bom trabalho realizado. Foi uma grande parceira do governo e dos vereadores desta Casa\u201d, afirmou Engenheiro Daniel.<\/p>\n<p>Entre as mat\u00e9rias aprovadas est\u00e3o a cria\u00e7\u00e3o do Hospital Municipal, a implanta\u00e7\u00e3o do Circuito Tabo\u00e3o e de uma ciclovia na Avenida Tabo\u00e3o da Serra, al\u00e9m de programas voltados \u00e0 seguran\u00e7a e \u00e0 inclus\u00e3o dos estudantes da rede municipal.<\/p>\n<p>Os vereadores tamb\u00e9m aprovaram a cria\u00e7\u00e3o do Cart\u00e3o Ra\u00e7\u00e3o Solid\u00e1ria, destinado ao apoio de protetores independentes de animais, e uma proposta que estabelece regras para a organiza\u00e7\u00e3o e a retirada de fios e cabos abandonados em vias e espa\u00e7os p\u00fablicos.<\/p>\n<p>Tamb\u00e9m foi aprovado o Projeto de Resolu\u00e7\u00e3o n\u00ba 02\/2026, que regulamenta a apresenta\u00e7\u00e3o, a tramita\u00e7\u00e3o, a execu\u00e7\u00e3o, o controle e a transpar\u00eancia das emendas parlamentares individuais impositivas. Os projetos de lei seguem para an\u00e1lise do prefeito Engenheiro Daniel.<\/p>\n<p>&nbsp;<\/p>\n<p><strong>Veja os projetos aprovados:<\/strong><\/p>\n<p>&nbsp;<\/p>\n<p><strong>Projeto de Lei n\u00ba 216\/2025:<\/strong> Fica autorizado a cria\u00e7\u00e3o do Programa Municipal Cart\u00e3o Ra\u00e7\u00e3o Solid\u00e1ria para apoio a protetores independentes de animais no Munic\u00edpio de Tabo\u00e3o da Serra e d\u00e1 outras provid\u00eancias. &#8211; Autoria: vereador Anderson N\u00f3brega.<\/p>\n<p>&nbsp;<\/p>\n<p><strong>Projeto de Lei n\u00ba 039\/2026:<\/strong> Disp\u00f5e sobre a implementa\u00e7\u00e3o do sistema de reconhecimento facial para controle de acesso e frequ\u00eancia escolar na rede municipal de ensino de Tabo\u00e3o da Serra e d\u00e1 outras provid\u00eancias. &#8211; Autoria: vereador Carlinhos do Leme.<\/p>\n<p>&nbsp;<\/p>\n<p><strong>Projeto de Lei n\u00ba 060\/2026:<\/strong> Institui o programa \u201cTravessia Segura\u201d nas \u00e1reas escolares municipais de Tabo\u00e3o da Serra. &#8211; Autoria: vereador Carlinhos do Leme.<\/p>\n<p>&nbsp;<\/p>\n<p><strong>Projeto de Lei n\u00ba 077\/2026:<\/strong> Disp\u00f5e sobre a implementa\u00e7\u00e3o de Salas de Regula\u00e7\u00e3o Sensorial nas unidades escolares da rede municipal de ensino, destinadas ao atendimento de estudantes com Transtorno do Espectro Autista (TEA), outras neurodiverg\u00eancias e necessidades educacionais espec\u00edficas, e d\u00e1 outras provid\u00eancias. &#8211; Autoria: vereador Sandro Ayres.<\/p>\n<p>&nbsp;<\/p>\n<p><strong>Projeto de Lei n\u00ba 097\/2026:<\/strong> Autoriza o Poder Executivo Municipal a criar e instalar um Hospital Municipal em Tabo\u00e3o da Serra e d\u00e1 outras provid\u00eancias. &#8211; Autoria: vereador Enfermeiro Rodney.<\/p>\n<p>&nbsp;<\/p>\n<p><strong>Projeto de Lei n\u00ba 098\/2026:<\/strong> Institui o \u201cCircuito Tabo\u00e3o\u201d (Circuito de Lazer, Cultura e Esporte no Munic\u00edpio de Tabo\u00e3o da Serra), autoriza a implanta\u00e7\u00e3o da ciclovia da Avenida Tabo\u00e3o da Serra e d\u00e1 outras provid\u00eancias. &#8211;\u00a0 Autoria: vereador Enfermeiro Rodney.<\/p>\n<p>&nbsp;<\/p>\n<p><strong>Projeto de Lei n\u00ba 099\/2026:<\/strong> Disp\u00f5e sobre a organiza\u00e7\u00e3o, manuten\u00e7\u00e3o e limpeza de fios, cabos e equipamentos de empresas de telecomunica\u00e7\u00f5es e servi\u00e7os cong\u00eaneres instalados em vias e espa\u00e7os p\u00fablicos no munic\u00edpio de Tabo\u00e3o da Serra, autoriza o Poder Executivo a fiscalizar e aplicar multas. &#8211; Autoria: vereador Celso Gallo.<\/p>\n<p>&nbsp;<\/p>\n<p><strong>Projeto de Resolu\u00e7\u00e3o n\u00ba 02\/2026:<\/strong> Disp\u00f5e sobre a apresenta\u00e7\u00e3o, admissibilidade, tramita\u00e7\u00e3o, execu\u00e7\u00e3o, controle e transpar\u00eancia das emendas parlamentares individuais impositivas no Munic\u00edpio de Tabo\u00e3o da Serra, e d\u00e1 outras provid\u00eancias. &#8211; Autoria: Colegiado de vereadores<\/p>\n<p>&nbsp;<\/p>\n<p>&nbsp;<\/p>\n<h6>(*) <span style=\"font-size: large;\">Assessoria de Imprensa da C\u00e2mara Municipal de Tabo\u00e3o da Serra (*) fotos: Leandro Barreira<\/span><\/h6>\n<h6><span style=\"font-size: large;\">\u00c1lbum: https:\/\/flic.kr\/s\/aHBqjD3NTn<\/span><\/h6>\n<div id=\":1bd\" class=\"ii gt\">\n<div id=\":1il\" class=\"a3s aiL \">\n<div id=\"avWBGd-336\">\n<h6 class=\"yj6qo\"><\/h6>\n<h6 class=\"adL\"><\/h6>\n<\/div>\n<\/div>\n<\/div>\n<div id=\":1hs\" class=\"hq gt \">\n<div class=\"hp\"><\/div>\n<div id=\":1hu\" class=\"eqJbab cZD3Qb\"><\/div>\n<\/div>\n","protected":false},"excerpt":{"rendered":"<p>A C\u00e2mara Municipal de Tabo\u00e3o da Serra aprovou oito projetos durante a sess\u00e3o realizada nesta ter\u00e7a-feira, dia 1\u00ba. As propostas<\/p>\n","protected":false},"author":3,"featured_media":11768,"comment_status":"open","ping_status":"open","sticky":false,"template":"","format":"standard","meta":{"colormag_page_container_layout":"default_layout","colormag_page_sidebar_layout":"default_layout","footnotes":""},"categories":[1,4,10],"tags":[],"class_list":["post-11767","post","type-post","status-publish","format-standard","has-post-thumbnail","hentry","category-destaque","category-noticias","category-taboao-da-serra"],"_links":{"self":[{"href":"https:\/\/folhadopirajucara.com.br\/index.php\/wp-json\/wp\/v2\/posts\/11767"}],"collection":[{"href":"https:\/\/folhadopirajucara.com.br\/index.php\/wp-json\/wp\/v2\/posts"}],"about":[{"href":"https:\/\/folhadopirajucara.com.br\/index.php\/wp-json\/wp\/v2\/types\/post"}],"author":[{"embeddable":true,"href":"https:\/\/folhadopirajucara.com.br\/index.php\/wp-json\/wp\/v2\/users\/3"}],"replies":[{"embeddable":true,"href":"https:\/\/folhadopirajucara.com.br\/index.php\/wp-json\/wp\/v2\/comments?post=11767"}],"version-history":[{"count":1,"href":"https:\/\/folhadopirajucara.com.br\/index.php\/wp-json\/wp\/v2\/posts\/11767\/revisions"}],"predecessor-version":[{"id":11769,"href":"https:\/\/folhadopirajucara.com.br\/index.php\/wp-json\/wp\/v2\/posts\/11767\/revisions\/11769"}],"wp:featuredmedia":[{"embeddable":true,"href":"https:\/\/folhadopirajucara.com.br\/index.php\/wp-json\/wp\/v2\/media\/11768"}],"wp:attachment":[{"href":"https:\/\/folhadopirajucara.com.br\/index.php\/wp-json\/wp\/v2\/media?parent=11767"}],"wp:term":[{"taxonomy":"category","embeddable":true,"href":"https:\/\/folhadopirajucara.com.br\/index.php\/wp-json\/wp\/v2\/categories?post=11767"},{"taxonomy":"post_tag","embeddable":true,"href":"https:\/\/folhadopirajucara.com.br\/index.php\/wp-json\/wp\/v2\/tags?post=11767"}],"curies":[{"name":"wp","href":"https:\/\/api.w.org\/{rel}","templated":true}]}}