{"id":1198,"date":"2018-11-07T11:39:56","date_gmt":"2018-11-07T14:39:56","guid":{"rendered":"http:\/\/folhadopirajucara.com.br\/?p=1198"},"modified":"2018-11-07T11:39:56","modified_gmt":"2018-11-07T14:39:56","slug":"itapecerica-da-serra-realiza-festival-em-comemoracao-ao-mes-da-consciencia-negra","status":"publish","type":"post","link":"https:\/\/folhadopirajucara.com.br\/index.php\/2018\/11\/07\/itapecerica-da-serra-realiza-festival-em-comemoracao-ao-mes-da-consciencia-negra\/","title":{"rendered":"Itapecerica da Serra realiza festival em comemora\u00e7\u00e3o ao m\u00eas da Consci\u00eancia Negra"},"content":{"rendered":"<p><img loading=\"lazy\" decoding=\"async\" class=\"size-medium wp-image-1199 alignleft\" src=\"https:\/\/folhadopirajucara.com.br\/wp-content\/uploads\/2018\/11\/20181061632144360-300x209.jpg\" alt=\"\" width=\"300\" height=\"209\" srcset=\"https:\/\/folhadopirajucara.com.br\/wp-content\/uploads\/2018\/11\/20181061632144360-300x209.jpg 300w, https:\/\/folhadopirajucara.com.br\/wp-content\/uploads\/2018\/11\/20181061632144360-768x535.jpg 768w, https:\/\/folhadopirajucara.com.br\/wp-content\/uploads\/2018\/11\/20181061632144360-1024x714.jpg 1024w, https:\/\/folhadopirajucara.com.br\/wp-content\/uploads\/2018\/11\/20181061632144360-392x272.jpg 392w, https:\/\/folhadopirajucara.com.br\/wp-content\/uploads\/2018\/11\/20181061632144360-130x90.jpg 130w\" sizes=\"(max-width: 300px) 100vw, 300px\" \/><\/p>\n<p>A Prefeitura de Itapecerica da Serra divulga, atrav\u00e9s da Secretaria de Cultura, a Agenda Cultural de novembro 2018. A programa\u00e7\u00e3o incluiu Festival Hip Hop Cultura de Rua, em comemora\u00e7\u00e3o ao m\u00eas da Consci\u00eancia Negra, curso de locu\u00e7\u00e3o, projeto de dan\u00e7a, teatro infantil, palestra de coaching, atra\u00e7\u00f5es musicais, S\u00e1bado Cultural, e mais. Entrada livre. Confira!<\/p>\n<p><strong>Agenda Cultural de Novembro<\/strong><\/p>\n<p><strong>06 \u2013 TER\u00c7A-FEIRA &#8211; 14h<\/strong><br \/>\nCurso de Locu\u00e7\u00e3o Aula Inaugural<br \/>\nCentro de Cultura e Cidadania do Valo Velho &#8211; Rua Gibraltar, 68 \u2013 Valo Velho<\/p>\n<p><strong>07\u2013 QUARTA-FEIRA<\/strong> -14h<br \/>\nAula Inaugural Projeto Agente Cultural<br \/>\nE.E. Maria Imaculada &#8211; Estrada da Ressaca, 1121 \u2013 Ressaca<\/p>\n<p><strong>08 \u2013 QUINTA CULTURAL<\/strong> &#8211; 19h30<br \/>\nBanda Quem Somos N\u00f3s<br \/>\nAudit\u00f3rio da Cultura &#8211; Largo da Matriz, 95 &#8211; Centro<\/p>\n<p><strong>09 \u2013 SEXTA-FEIRA<\/strong> &#8211; 19h<br \/>\nAula Inaugural &#8211; Projeto Motiva\u00e7\u00e3o com Dan\u00e7a<br \/>\nLocal: S\u00edtio do ANANIAS \u2013 Estrada dos God\u00f3i, 21 Alto do Potuver\u00e1<\/p>\n<p><strong>10 \u2013 S\u00c1BADO CULTURAL<\/strong> &#8211; 10h \u00e0s 17h<br \/>\nFeira de Artesanato, Shows e Alimenta\u00e7\u00e3o<br \/>\nPra\u00e7a Professor Porcino Rodrigues s\/n \u2013 Centro<\/p>\n<p><strong>10 \u2013 S\u00c1BADO CULTURAL<\/strong> \u2013 17h \u00e0s 22h<br \/>\nII Space Cult M\u00fasica Eletr\u00f4nica<br \/>\nPra\u00e7a da Fonte s\/n \u2013 Centro<\/p>\n<p><strong>14 &#8211; QUARTA-FEIRA<\/strong> \u2013 10h<br \/>\nTeatro Infantil: \u201cO Pr\u00edncipe e o Bobo\u201d<br \/>\nE.E. Maria Imaculada \u2013 Estrada da Ressaca, 1121 \u2013 Ressaca<\/p>\n<p><strong>14 \u2013 QUARTA-FEIRA<\/strong> \u2013 14h<br \/>\nTeatro: Mudando o Jogo<br \/>\nE.E. Maria Imaculada \u2013 Estrada da Ressaca, 1121 \u2013 Ressaca<\/p>\n<p><strong>17 \u2013 S\u00c1BADO CULTURAL<\/strong> &#8211; 10h \u00e0s 17h<br \/>\nFeira de Artesanato, Shows e Alimenta\u00e7\u00e3o<br \/>\nPra\u00e7a Professor Porcino Rodrigues s\/n \u2013 Centro<\/p>\n<p><strong>18 \u2013 DOMINGO<\/strong> \u2013 12h \u00e0s 22h30<br \/>\nM\u00eas da Consci\u00eancia Negra 4\u00ba Festival Hip Hop Cultura de Rua<br \/>\nRua Jos\u00e9 Batista da Silva s\/n Jd. Sampaio<\/p>\n<p><strong>21 \u2013 QUARTA-FEIRA<\/strong> \u2013 8h\/10h\/13h\/15h<br \/>\nTeatro Infantil: \u201cO Pr\u00edncipe e o Bobo\u201d<br \/>\nE.M. Prof. Edvard Rodrigues de Oliveira \u2013 Estrada dos Macieis, 200 Jd. Montezano<\/p>\n<p><strong>21 \u2013 QUARTA-FEIRA<\/strong> \u2013 19h<br \/>\nLan\u00e7amento do Site Cena Cultural<br \/>\nAudit\u00f3rio da Cultura \u2013 Largo da Matriz, 95 \u2013 Centro<\/p>\n<p><strong>22 \u2013 QUINTA-FEIRA<\/strong> \u2013 20h<br \/>\nTeatro Quimera<br \/>\nCentro de Cultura e Cidadania do Valo Velho<br \/>\nRua Gibraltar, 68 \u2013 Valo Velho<\/p>\n<p><strong>23 \u2013 SEXTA-FEIRA<\/strong> \u2013 15h<br \/>\nComemora\u00e7\u00e3o de seis meses de resultados do Centro de Cultura e Cidadania do Valo Velho<br \/>\nCentro de Cultura e Cidadania do Valo Velho<br \/>\nRua Gibraltar, 68 \u2013 Valo Velho<\/p>\n<p><strong>24 \u2013 S\u00c1BADO CULTURAL<\/strong> \u2013 10h \u00e0s 17h<br \/>\nFeira de Artesanato, Shows e Alimenta\u00e7\u00e3o<br \/>\nPra\u00e7a Professor Porcino Rodrigues s\/n<\/p>\n<p><strong>26 \u2013 SEGUNDA-FEIRA<\/strong> \u2013 11h<br \/>\nPalestra Motivacional<br \/>\nTema: Para uma Vida Melhor<br \/>\nE.M. Prof. Edvard Rodrigues de Oliveira \u2013 Estrada dos Macieis, 200 Jd. Montezano<\/p>\n<p><strong>29 \u2013 QUINTA-FEIRA<\/strong> \u2013 13h \u00e0s 17h<br \/>\nC8 \u2013 Rota da Cultura Workshop de Teatro<br \/>\nCentro Cultural Juquitiba &#8211; Rua Henrique Bucoline, 18 \u2013 Juquitiba<\/p>\n<p><strong>29 \u2013 QUINTA-FEIRA<\/strong> \u2013 19h30<br \/>\nC8 \u2013 Rota da Cultura Teatro \u201cIntenda Como Qui Z\u00e9?!!\u201d<br \/>\nCentro Cultural Juquitiba &#8211; Rua Henrique Bucoline, 18 \u2013 Juquitiba<\/p>\n","protected":false},"excerpt":{"rendered":"<p>A Prefeitura de Itapecerica da Serra divulga, atrav\u00e9s da Secretaria de Cultura, a Agenda Cultural de novembro 2018. A programa\u00e7\u00e3o<\/p>\n","protected":false},"author":3,"featured_media":1199,"comment_status":"open","ping_status":"open","sticky":false,"template":"","format":"standard","meta":{"footnotes":""},"categories":[27,16],"tags":[],"class_list":["post-1198","post","type-post","status-publish","format-standard","has-post-thumbnail","hentry","category-destaque-2","category-itapecerica-da-serra"],"_links":{"self":[{"href":"https:\/\/folhadopirajucara.com.br\/index.php\/wp-json\/wp\/v2\/posts\/1198"}],"collection":[{"href":"https:\/\/folhadopirajucara.com.br\/index.php\/wp-json\/wp\/v2\/posts"}],"about":[{"href":"https:\/\/folhadopirajucara.com.br\/index.php\/wp-json\/wp\/v2\/types\/post"}],"author":[{"embeddable":true,"href":"https:\/\/folhadopirajucara.com.br\/index.php\/wp-json\/wp\/v2\/users\/3"}],"replies":[{"embeddable":true,"href":"https:\/\/folhadopirajucara.com.br\/index.php\/wp-json\/wp\/v2\/comments?post=1198"}],"version-history":[{"count":0,"href":"https:\/\/folhadopirajucara.com.br\/index.php\/wp-json\/wp\/v2\/posts\/1198\/revisions"}],"wp:featuredmedia":[{"embeddable":true,"href":"https:\/\/folhadopirajucara.com.br\/index.php\/wp-json\/wp\/v2\/media\/1199"}],"wp:attachment":[{"href":"https:\/\/folhadopirajucara.com.br\/index.php\/wp-json\/wp\/v2\/media?parent=1198"}],"wp:term":[{"taxonomy":"category","embeddable":true,"href":"https:\/\/folhadopirajucara.com.br\/index.php\/wp-json\/wp\/v2\/categories?post=1198"},{"taxonomy":"post_tag","embeddable":true,"href":"https:\/\/folhadopirajucara.com.br\/index.php\/wp-json\/wp\/v2\/tags?post=1198"}],"curies":[{"name":"wp","href":"https:\/\/api.w.org\/{rel}","templated":true}]}}