{"id":1265,"date":"2018-11-17T17:48:01","date_gmt":"2018-11-17T20:48:01","guid":{"rendered":"http:\/\/folhadopirajucara.com.br\/?p=1265"},"modified":"2018-11-17T17:48:01","modified_gmt":"2018-11-17T20:48:01","slug":"pastor-fabio-gentil-assume-oficialmente-o-ministerio-pastoral-da-primeira-igreja-batista-de-sao-lourenco-da-serra","status":"publish","type":"post","link":"https:\/\/folhadopirajucara.com.br\/index.php\/2018\/11\/17\/pastor-fabio-gentil-assume-oficialmente-o-ministerio-pastoral-da-primeira-igreja-batista-de-sao-lourenco-da-serra\/","title":{"rendered":"Pastor F\u00e1bio Gentil assume oficialmente o Minist\u00e9rio Pastoral da Primeira Igreja Batista de S\u00e3o Louren\u00e7o da Serra"},"content":{"rendered":"<p><img loading=\"lazy\" decoding=\"async\" class=\"size-medium wp-image-1266 alignleft\" src=\"https:\/\/folhadopirajucara.com.br\/wp-content\/uploads\/2018\/11\/pastor-fabio-gentil-1-169x300.jpg\" alt=\"\" width=\"169\" height=\"300\" srcset=\"https:\/\/folhadopirajucara.com.br\/wp-content\/uploads\/2018\/11\/pastor-fabio-gentil-1-169x300.jpg 169w, https:\/\/folhadopirajucara.com.br\/wp-content\/uploads\/2018\/11\/pastor-fabio-gentil-1.jpg 540w\" sizes=\"(max-width: 169px) 100vw, 169px\" \/><\/p>\n<p style=\"background: white; margin: 0cm 0cm 15.0pt 0cm;\"><span style=\"font-family: 'Arial',sans-serif; color: #333333;\">Na noite de 15\/11, teve in\u00edcio o culto de posse oficial do pastor F\u00e1bio Gentil e o in\u00edcio do seu minist\u00e9rio pastoral afrente da Primeira Igreja Batista de S\u00e3o Louren\u00e7o da Serra.<\/span><\/p>\n<p style=\"background: white; margin: 0cm 0cm 15.0pt 0cm;\"><span style=\"font-family: 'Arial',sans-serif; color: #333333;\">O culto foi aberto com o pastor Edson Vieira dos Santos da Igreja Batista do Engenho Velho\/Embu e diversos louvores foram cantados antes que a palavra fosse passada ao pastor F\u00e1bio Mendes, da Igreja Batista Memorial de Embu.<\/span><\/p>\n<p style=\"background: white; margin: 0cm 0cm 15.0pt 0cm;\"><span style=\"font-family: 'Arial',sans-serif; color: #333333;\">O pastor F\u00e1bio Mendes, fez um breve hist\u00f3rico sobre o pastor F\u00e1bio Gentil, colocando-o como um homem de Deus preparado para conduzir o seu minist\u00e9rio em S\u00e3o Louren\u00e7o da Serra.<\/span><\/p>\n<p style=\"background: white; margin: 0cm 0cm 15.0pt 0cm;\"><span style=\"font-family: 'Arial',sans-serif; color: #333333;\">O pastor F\u00e1bio Mendes, utilizando-se de diversas passagens b\u00edblicas, exp\u00f4s o que um bom pastor deve fazer, bem como deve evitar. Ele lembrou que o papel da verdadeira igreja \u00e9 a fortifica\u00e7\u00e3o do corpo de Cristo. Segundo ele, a experi\u00eancia de assumir uma igreja \u00e9 aben\u00e7oadora tanto para o ministro quanto para os membros, principalmente em uma igreja que busca o fortalecimento da verdadeira mensagem de Cristo. &#8220;Ao assumir uma nova igreja, o pensamento do pastor deve ser o de reconhecer n\u00e3o s\u00f3 as pr\u00f3prias caracter\u00edsticas, mas a de todas as pessoas ao redor, auxiliando assim o crescimento coletivo e individual dos membros&#8221;, comentou pastor F\u00e1bio Mendes.<\/span><\/p>\n<p style=\"background: white; margin: 0cm 0cm 15.0pt 0cm;\"><span style=\"font-family: 'Arial',sans-serif; color: #333333;\">Com essas palavras de apoio e esclarecimento, o pastor F\u00e1bio Mendes deu posse ao pastor F\u00e1bio Gentil, de forma oficial, a frente da Primeira Igreja Batista de S\u00e3o Louren\u00e7o da Serra.<\/span><\/p>\n<p style=\"background: white; margin: 0cm 0cm 15.0pt 0cm;\"><span style=\"font-family: 'Arial',sans-serif; color: #333333;\">O pastor F\u00e1bio Gentil, esteve \u00e1 frente da Primeira Igreja Batista de S\u00e3o Louren\u00e7o da Serra, desde outubro de 2017, ocupando de modo informal o seu minist\u00e9rio pastoral.<\/span><\/p>\n<p style=\"background: white; margin: 0cm 0cm 15.0pt 0cm;\"><span style=\"font-family: 'Arial',sans-serif; color: #333333;\">Ap\u00f3s a sua posse, o pastor F\u00e1bio Gentil agradeceu a todos os pastores presentes, fi\u00e9is, amigos e familiares. De forma humilde, mais contundente, ele relatou a hist\u00f3ria de sua vida, das dificuldades e das vit\u00f3rias com que foi aben\u00e7oado por Deus.<\/span><\/p>\n<p style=\"background: white; margin: 0cm 0cm 15.0pt 0cm;\"><span style=\"font-family: 'Arial',sans-serif; color: #333333;\">Encerrando o culto, foi oferecido um coquetel de confraterniza\u00e7\u00e3o a todos os presentes.<\/span><\/p>\n","protected":false},"excerpt":{"rendered":"<p>Na noite de 15\/11, teve in\u00edcio o culto de posse oficial do pastor F\u00e1bio Gentil e o in\u00edcio do seu<\/p>\n","protected":false},"author":3,"featured_media":1267,"comment_status":"open","ping_status":"open","sticky":false,"template":"","format":"standard","meta":{"footnotes":""},"categories":[27,8],"tags":[],"class_list":["post-1265","post","type-post","status-publish","format-standard","has-post-thumbnail","hentry","category-destaque-2","category-sao-lourenco"],"_links":{"self":[{"href":"https:\/\/folhadopirajucara.com.br\/index.php\/wp-json\/wp\/v2\/posts\/1265"}],"collection":[{"href":"https:\/\/folhadopirajucara.com.br\/index.php\/wp-json\/wp\/v2\/posts"}],"about":[{"href":"https:\/\/folhadopirajucara.com.br\/index.php\/wp-json\/wp\/v2\/types\/post"}],"author":[{"embeddable":true,"href":"https:\/\/folhadopirajucara.com.br\/index.php\/wp-json\/wp\/v2\/users\/3"}],"replies":[{"embeddable":true,"href":"https:\/\/folhadopirajucara.com.br\/index.php\/wp-json\/wp\/v2\/comments?post=1265"}],"version-history":[{"count":0,"href":"https:\/\/folhadopirajucara.com.br\/index.php\/wp-json\/wp\/v2\/posts\/1265\/revisions"}],"wp:featuredmedia":[{"embeddable":true,"href":"https:\/\/folhadopirajucara.com.br\/index.php\/wp-json\/wp\/v2\/media\/1267"}],"wp:attachment":[{"href":"https:\/\/folhadopirajucara.com.br\/index.php\/wp-json\/wp\/v2\/media?parent=1265"}],"wp:term":[{"taxonomy":"category","embeddable":true,"href":"https:\/\/folhadopirajucara.com.br\/index.php\/wp-json\/wp\/v2\/categories?post=1265"},{"taxonomy":"post_tag","embeddable":true,"href":"https:\/\/folhadopirajucara.com.br\/index.php\/wp-json\/wp\/v2\/tags?post=1265"}],"curies":[{"name":"wp","href":"https:\/\/api.w.org\/{rel}","templated":true}]}}