{"id":1269,"date":"2018-11-17T17:49:45","date_gmt":"2018-11-17T20:49:45","guid":{"rendered":"http:\/\/folhadopirajucara.com.br\/?p=1269"},"modified":"2018-11-17T17:52:05","modified_gmt":"2018-11-17T20:52:05","slug":"gilson-oliveira-anuncia-que-a-camara-de-embu-aprovou-nova-lei-de-anistia-com-reducao-de-multas-e-juros-devidos","status":"publish","type":"post","link":"https:\/\/folhadopirajucara.com.br\/index.php\/2018\/11\/17\/gilson-oliveira-anuncia-que-a-camara-de-embu-aprovou-nova-lei-de-anistia-com-reducao-de-multas-e-juros-devidos\/","title":{"rendered":"Gilson Oliveira anuncia que a C\u00e2mara de Embu aprovou nova lei de anistia com redu\u00e7\u00e3o de multas e juros devidos"},"content":{"rendered":"<p><img loading=\"lazy\" decoding=\"async\" class=\"size-full wp-image-1270 alignleft\" src=\"https:\/\/folhadopirajucara.com.br\/wp-content\/uploads\/2018\/11\/GILSON-OLIVEIRA.jpg\" alt=\"\" width=\"270\" height=\"180\" \/><\/p>\n<p>A C\u00e2mara Municipal de Embu das Artes aprovou nesta quarta-feira14\/11, a nova Lei da Anistia Fiscal no munic\u00edpio. O projeto, de autoria dos vereadores, foi amplamente debatida com o prefeito municipal, na v\u00e9spera da vota\u00e7\u00e3o, esclarece o vereador Gilson Oliveira.<\/p>\n<p>O vereador Gilson Oliveira, avisa que a nova lei entrar\u00e1 em vigor no pr\u00f3ximo dia 26\/11 e os cidad\u00e3os inadimplentes j\u00e1 poder\u00e3o negociar d\u00edvidas com 100% de redu\u00e7\u00e3o nas multas e juros devidos em impostos municipais.<\/p>\n<p>De acordo com o vereador o objetivo do Executivo \u00e9 arrecadar grande parte dos milh\u00f5es de reais em d\u00e9bitos inscritos em d\u00edvida ativa atualmente.<\/p>\n<p>O vereador ressalta que o projeto permite que os contribuintes parcelem os d\u00e9bitos para manterem as presta\u00e7\u00f5es tanto de Imposto Predial e Territorial Urbano (IPTU), quanto de Imposto Sobre Servi\u00e7o (ISS) em dia.<\/p>\n<p>O vereador Gilson Oliveira lembra que o projeto que foi apresentado em regime de urg\u00eancia, foi aprovado por unanimidade pelos vereadores presentes.<\/p>\n","protected":false},"excerpt":{"rendered":"<p>A C\u00e2mara Municipal de Embu das Artes aprovou nesta quarta-feira14\/11, a nova Lei da Anistia Fiscal no munic\u00edpio. O projeto,<\/p>\n","protected":false},"author":3,"featured_media":1272,"comment_status":"open","ping_status":"open","sticky":false,"template":"","format":"standard","meta":{"footnotes":""},"categories":[1,15],"tags":[],"class_list":["post-1269","post","type-post","status-publish","format-standard","has-post-thumbnail","hentry","category-destaque","category-embu-das-artes"],"_links":{"self":[{"href":"https:\/\/folhadopirajucara.com.br\/index.php\/wp-json\/wp\/v2\/posts\/1269"}],"collection":[{"href":"https:\/\/folhadopirajucara.com.br\/index.php\/wp-json\/wp\/v2\/posts"}],"about":[{"href":"https:\/\/folhadopirajucara.com.br\/index.php\/wp-json\/wp\/v2\/types\/post"}],"author":[{"embeddable":true,"href":"https:\/\/folhadopirajucara.com.br\/index.php\/wp-json\/wp\/v2\/users\/3"}],"replies":[{"embeddable":true,"href":"https:\/\/folhadopirajucara.com.br\/index.php\/wp-json\/wp\/v2\/comments?post=1269"}],"version-history":[{"count":0,"href":"https:\/\/folhadopirajucara.com.br\/index.php\/wp-json\/wp\/v2\/posts\/1269\/revisions"}],"wp:featuredmedia":[{"embeddable":true,"href":"https:\/\/folhadopirajucara.com.br\/index.php\/wp-json\/wp\/v2\/media\/1272"}],"wp:attachment":[{"href":"https:\/\/folhadopirajucara.com.br\/index.php\/wp-json\/wp\/v2\/media?parent=1269"}],"wp:term":[{"taxonomy":"category","embeddable":true,"href":"https:\/\/folhadopirajucara.com.br\/index.php\/wp-json\/wp\/v2\/categories?post=1269"},{"taxonomy":"post_tag","embeddable":true,"href":"https:\/\/folhadopirajucara.com.br\/index.php\/wp-json\/wp\/v2\/tags?post=1269"}],"curies":[{"name":"wp","href":"https:\/\/api.w.org\/{rel}","templated":true}]}}