{"id":1333,"date":"2018-12-07T07:15:38","date_gmt":"2018-12-07T10:15:38","guid":{"rendered":"http:\/\/folhadopirajucara.com.br\/?p=1333"},"modified":"2018-12-07T07:15:38","modified_gmt":"2018-12-07T10:15:38","slug":"embu-das-artes-realiza-baile-da-3a-idade-neste-sabado-8-12","status":"publish","type":"post","link":"https:\/\/folhadopirajucara.com.br\/index.php\/2018\/12\/07\/embu-das-artes-realiza-baile-da-3a-idade-neste-sabado-8-12\/","title":{"rendered":"Embu das Artes realiza baile da 3\u00aa Idade neste s\u00e1bado (8\/12)"},"content":{"rendered":"<p><img loading=\"lazy\" decoding=\"async\" class=\"size-medium wp-image-1334 alignleft\" src=\"https:\/\/folhadopirajucara.com.br\/wp-content\/uploads\/2018\/12\/idodo-capa-300x200.jpg\" alt=\"\" width=\"300\" height=\"200\" srcset=\"https:\/\/folhadopirajucara.com.br\/wp-content\/uploads\/2018\/12\/idodo-capa-300x200.jpg 300w, https:\/\/folhadopirajucara.com.br\/wp-content\/uploads\/2018\/12\/idodo-capa-768x512.jpg 768w, https:\/\/folhadopirajucara.com.br\/wp-content\/uploads\/2018\/12\/idodo-capa-1024x682.jpg 1024w, https:\/\/folhadopirajucara.com.br\/wp-content\/uploads\/2018\/12\/idodo-capa.jpg 1100w\" sizes=\"(max-width: 300px) 100vw, 300px\" \/>A Festa da 3\u00b0 Idade acontecer\u00e1 no s\u00e1bado (8\/12),\u00a0das 10h \u00e1s 17h,\u00a0na Estrada Ant\u00f4nio Mory, 480, Jd. Santa Rita, Embu das Artes. Esse evento j\u00e1 \u00e9 tradi\u00e7\u00e3o na cidade e leva divers\u00e3o e alegria aos idosos.\u00a0A realiza\u00e7\u00e3o \u00e9 da Secretaria de Esportes e Lazer.<\/p>\n<p>Com a chegada da terceira idade, corpo e mente passam por grandes mudan\u00e7as, dando origem a algumas limita\u00e7\u00f5es f\u00edsicas. Para adaptar-se a essa realidade, algumas pr\u00e1ticas auxiliam nesse processo, tornando a vida mais agrad\u00e1vel, como a dan\u00e7a, que vem ganhando muitos adeptos por execer um papel fundamental na vida dos idosos, melhorando sensivelmente a qualidade de vida deles nessa faixa et\u00e1ria.<\/p>\n","protected":false},"excerpt":{"rendered":"<p>A Festa da 3\u00b0 Idade acontecer\u00e1 no s\u00e1bado (8\/12),\u00a0das 10h \u00e1s 17h,\u00a0na Estrada Ant\u00f4nio Mory, 480, Jd. Santa Rita, Embu<\/p>\n","protected":false},"author":3,"featured_media":1334,"comment_status":"open","ping_status":"open","sticky":false,"template":"","format":"standard","meta":{"footnotes":""},"categories":[27,15],"tags":[],"class_list":["post-1333","post","type-post","status-publish","format-standard","has-post-thumbnail","hentry","category-destaque-2","category-embu-das-artes"],"_links":{"self":[{"href":"https:\/\/folhadopirajucara.com.br\/index.php\/wp-json\/wp\/v2\/posts\/1333"}],"collection":[{"href":"https:\/\/folhadopirajucara.com.br\/index.php\/wp-json\/wp\/v2\/posts"}],"about":[{"href":"https:\/\/folhadopirajucara.com.br\/index.php\/wp-json\/wp\/v2\/types\/post"}],"author":[{"embeddable":true,"href":"https:\/\/folhadopirajucara.com.br\/index.php\/wp-json\/wp\/v2\/users\/3"}],"replies":[{"embeddable":true,"href":"https:\/\/folhadopirajucara.com.br\/index.php\/wp-json\/wp\/v2\/comments?post=1333"}],"version-history":[{"count":0,"href":"https:\/\/folhadopirajucara.com.br\/index.php\/wp-json\/wp\/v2\/posts\/1333\/revisions"}],"wp:featuredmedia":[{"embeddable":true,"href":"https:\/\/folhadopirajucara.com.br\/index.php\/wp-json\/wp\/v2\/media\/1334"}],"wp:attachment":[{"href":"https:\/\/folhadopirajucara.com.br\/index.php\/wp-json\/wp\/v2\/media?parent=1333"}],"wp:term":[{"taxonomy":"category","embeddable":true,"href":"https:\/\/folhadopirajucara.com.br\/index.php\/wp-json\/wp\/v2\/categories?post=1333"},{"taxonomy":"post_tag","embeddable":true,"href":"https:\/\/folhadopirajucara.com.br\/index.php\/wp-json\/wp\/v2\/tags?post=1333"}],"curies":[{"name":"wp","href":"https:\/\/api.w.org\/{rel}","templated":true}]}}