{"id":1362,"date":"2018-12-10T21:36:49","date_gmt":"2018-12-11T00:36:49","guid":{"rendered":"http:\/\/folhadopirajucara.com.br\/?p=1362"},"modified":"2018-12-10T21:36:49","modified_gmt":"2018-12-11T00:36:49","slug":"gerson-olegario-e-vereadores-de-embu-repudiam-a-morte-da-cadela-manchinha-no-carrefour-de-osasco","status":"publish","type":"post","link":"https:\/\/folhadopirajucara.com.br\/index.php\/2018\/12\/10\/gerson-olegario-e-vereadores-de-embu-repudiam-a-morte-da-cadela-manchinha-no-carrefour-de-osasco\/","title":{"rendered":"Gerson Oleg\u00e1rio e vereadores de Embu repudiam a morte da cadela manchinha no Carrefour de Osasco"},"content":{"rendered":"<p><img loading=\"lazy\" decoding=\"async\" class=\"size-medium wp-image-1363 aligncenter\" src=\"https:\/\/folhadopirajucara.com.br\/wp-content\/uploads\/2018\/12\/cadela-300x169.jpg\" alt=\"\" width=\"300\" height=\"169\" srcset=\"https:\/\/folhadopirajucara.com.br\/wp-content\/uploads\/2018\/12\/cadela-300x169.jpg 300w, https:\/\/folhadopirajucara.com.br\/wp-content\/uploads\/2018\/12\/cadela.jpg 591w\" sizes=\"(max-width: 300px) 100vw, 300px\" \/><\/p>\n<p class=\"Pargrafobsico\" style=\"text-align: justify;\"><span style=\"font-size: 11.0pt; line-height: 120%; font-family: 'Times New Roman',serif;\">O vereador embuense Gerson Oleg\u00e1rio apresentou na C\u00e2mara Municipal, durante a Sess\u00e3o do dia 05\/12 a Mo\u00e7\u00e3o de Rep\u00fadio n\u00b0 81\/2018, aos maus tratos que teriam causado a morte da cadela manchinha no Carrefour de Osasco, na \u00faltima quarta-feira 28\/11. O epis\u00f3dio gerou protestos e pedidos de boicote nas redes sociais e repercutiu em todo o pa\u00eds.<\/span><\/p>\n<p class=\"Pargrafobsico\" style=\"text-align: justify;\"><span style=\"font-size: 11.0pt; line-height: 120%; font-family: 'Times New Roman',serif;\">\u201cRelatos apontam que um seguran\u00e7a do hipermercado teria espancado manchinha. Investiga\u00e7\u00f5es est\u00e3o sendo realizadas para comprovar os fatos, por\u00e9m todas as a\u00e7\u00f5es de maus tratos s\u00e3o motivos de rep\u00fadio\u201d, diz o parlamentar na Mo\u00e7\u00e3o, apresentada nesta quarta-feira e subscrita por todos os vereadores de Embu das Artes.<\/span><\/p>\n<p class=\"Pargrafobsico\" style=\"text-align: justify;\"><span style=\"font-size: 11.0pt; line-height: 120%; font-family: 'Times New Roman',serif;\">\u00a0<\/span><\/p>\n<p class=\"Pargrafobsico\" style=\"text-align: center;\" align=\"center\"><b><span style=\"font-size: 11.0pt; line-height: 120%; font-family: 'Times New Roman',serif;\">Breve hist\u00f3rico<\/span><\/b><\/p>\n<p class=\"Pargrafobsico\" style=\"text-align: justify;\"><span style=\"font-size: 11.0pt; line-height: 120%; font-family: 'Times New Roman',serif;\">\u00a0<\/span><\/p>\n<p class=\"Pargrafobsico\" style=\"text-align: justify;\"><span style=\"font-size: 11.0pt; line-height: 120%; font-family: 'Times New Roman',serif;\">A simp\u00e1tica vira-lata branca com manchas no pelo, chamada por alguns de \u201cManchinha\u201d, apareceu em novembro na porta do Carrefour de Osasco e foi logo adotada e cuidada por lojistas \u2014 at\u00e9 ser morta a pauladas por um vigilante pouco mais de uma semana depois, dizem funcion\u00e1rios.<\/span><\/p>\n<p class=\"Pargrafobsico\" style=\"text-align: justify;\"><span style=\"font-size: 11.0pt; line-height: 120%; font-family: 'Times New Roman',serif;\">Em sua justificativa o vereador Gerson Oleg\u00e1rio ressaltou que tal situa\u00e7\u00e3o se trata de um ato de pura crueldade para com um ser completamente indefeso.<\/span><\/p>\n<p class=\"Pargrafobsico\" style=\"text-align: justify;\"><span style=\"font-size: 11.0pt; line-height: 120%; font-family: 'Times New Roman',serif;\">A mo\u00e7\u00e3o foi aprovada por unanimidade dos vereadores embuenses.<\/span><\/p>\n","protected":false},"excerpt":{"rendered":"<p>O vereador embuense Gerson Oleg\u00e1rio apresentou na C\u00e2mara Municipal, durante a Sess\u00e3o do dia 05\/12 a Mo\u00e7\u00e3o de Rep\u00fadio n\u00b0<\/p>\n","protected":false},"author":3,"featured_media":1363,"comment_status":"open","ping_status":"open","sticky":false,"template":"","format":"standard","meta":{"footnotes":""},"categories":[27,15],"tags":[],"class_list":["post-1362","post","type-post","status-publish","format-standard","has-post-thumbnail","hentry","category-destaque-2","category-embu-das-artes"],"_links":{"self":[{"href":"https:\/\/folhadopirajucara.com.br\/index.php\/wp-json\/wp\/v2\/posts\/1362"}],"collection":[{"href":"https:\/\/folhadopirajucara.com.br\/index.php\/wp-json\/wp\/v2\/posts"}],"about":[{"href":"https:\/\/folhadopirajucara.com.br\/index.php\/wp-json\/wp\/v2\/types\/post"}],"author":[{"embeddable":true,"href":"https:\/\/folhadopirajucara.com.br\/index.php\/wp-json\/wp\/v2\/users\/3"}],"replies":[{"embeddable":true,"href":"https:\/\/folhadopirajucara.com.br\/index.php\/wp-json\/wp\/v2\/comments?post=1362"}],"version-history":[{"count":0,"href":"https:\/\/folhadopirajucara.com.br\/index.php\/wp-json\/wp\/v2\/posts\/1362\/revisions"}],"wp:featuredmedia":[{"embeddable":true,"href":"https:\/\/folhadopirajucara.com.br\/index.php\/wp-json\/wp\/v2\/media\/1363"}],"wp:attachment":[{"href":"https:\/\/folhadopirajucara.com.br\/index.php\/wp-json\/wp\/v2\/media?parent=1362"}],"wp:term":[{"taxonomy":"category","embeddable":true,"href":"https:\/\/folhadopirajucara.com.br\/index.php\/wp-json\/wp\/v2\/categories?post=1362"},{"taxonomy":"post_tag","embeddable":true,"href":"https:\/\/folhadopirajucara.com.br\/index.php\/wp-json\/wp\/v2\/tags?post=1362"}],"curies":[{"name":"wp","href":"https:\/\/api.w.org\/{rel}","templated":true}]}}