{"id":1391,"date":"2018-12-23T20:20:52","date_gmt":"2018-12-23T23:20:52","guid":{"rendered":"http:\/\/folhadopirajucara.com.br\/?p=1391"},"modified":"2018-12-23T20:20:52","modified_gmt":"2018-12-23T23:20:52","slug":"flashback-da-comunidade-em-taboao-resgatou-sons-das-decadas-de-70-80-e-90","status":"publish","type":"post","link":"https:\/\/folhadopirajucara.com.br\/index.php\/2018\/12\/23\/flashback-da-comunidade-em-taboao-resgatou-sons-das-decadas-de-70-80-e-90\/","title":{"rendered":"Flashback da Comunidade em Tabo\u00e3o resgatou sons das d\u00e9cadas de 70, 80 e 90"},"content":{"rendered":"<p><img loading=\"lazy\" decoding=\"async\" class=\"size-medium wp-image-1392 alignleft\" src=\"https:\/\/folhadopirajucara.com.br\/wp-content\/uploads\/2018\/12\/rita-site-300x257.jpg\" alt=\"\" width=\"300\" height=\"257\" srcset=\"https:\/\/folhadopirajucara.com.br\/wp-content\/uploads\/2018\/12\/rita-site-300x257.jpg 300w, https:\/\/folhadopirajucara.com.br\/wp-content\/uploads\/2018\/12\/rita-site.jpg 600w\" sizes=\"(max-width: 300px) 100vw, 300px\" \/>Quem curte os balan\u00e7os sonoros dos anos de 70 a 90 vibrou com o \u201cFlashback da Comunidade\u201d em Tabo\u00e3o da Serra.<\/p>\n<p>O evento aconteceu no dia 15\/12 em frente ao Gin\u00e1sio Municipal Ayrton Senna e, durou das 14 \u00e1s 22h.<\/p>\n<p>A balada agendada para a tarde e noite de s\u00e1bado resgatou sons de v\u00e1rias \u00e9pocas.<\/p>\n<p>Com entrada franca, o evento contou com a participa\u00e7\u00e3o de Otavio Tatu Suncitysom, DjEllias Kassi, Dj Dudu Silva e Banda Allfour. \u201cA proposta foi uma divertida volta aos bons tempos da m\u00fasica do s\u00e9culo passado, foi uma tarde que trouxe lembran\u00e7as das \u00e9pocas que a dan\u00e7a trazia sa\u00fade e muitas coisas boas\u201d, enfatiza a vereadora Rita de C\u00e1ssia, incentivadora do evento.<\/p>\n<p>O organizador do evento Juarez Gomes da Silva agradeceu o incentivo da vereadora Rita de C\u00e1ssia e da participa\u00e7\u00e3o do seu grupo de apoio que o ajudaram na estrutura do evento.<\/p>\n","protected":false},"excerpt":{"rendered":"<p>Quem curte os balan\u00e7os sonoros dos anos de 70 a 90 vibrou com o \u201cFlashback da Comunidade\u201d em Tabo\u00e3o da<\/p>\n","protected":false},"author":3,"featured_media":1392,"comment_status":"open","ping_status":"open","sticky":false,"template":"","format":"standard","meta":{"footnotes":""},"categories":[1,10],"tags":[],"class_list":["post-1391","post","type-post","status-publish","format-standard","has-post-thumbnail","hentry","category-destaque","category-taboao-da-serra"],"_links":{"self":[{"href":"https:\/\/folhadopirajucara.com.br\/index.php\/wp-json\/wp\/v2\/posts\/1391"}],"collection":[{"href":"https:\/\/folhadopirajucara.com.br\/index.php\/wp-json\/wp\/v2\/posts"}],"about":[{"href":"https:\/\/folhadopirajucara.com.br\/index.php\/wp-json\/wp\/v2\/types\/post"}],"author":[{"embeddable":true,"href":"https:\/\/folhadopirajucara.com.br\/index.php\/wp-json\/wp\/v2\/users\/3"}],"replies":[{"embeddable":true,"href":"https:\/\/folhadopirajucara.com.br\/index.php\/wp-json\/wp\/v2\/comments?post=1391"}],"version-history":[{"count":0,"href":"https:\/\/folhadopirajucara.com.br\/index.php\/wp-json\/wp\/v2\/posts\/1391\/revisions"}],"wp:featuredmedia":[{"embeddable":true,"href":"https:\/\/folhadopirajucara.com.br\/index.php\/wp-json\/wp\/v2\/media\/1392"}],"wp:attachment":[{"href":"https:\/\/folhadopirajucara.com.br\/index.php\/wp-json\/wp\/v2\/media?parent=1391"}],"wp:term":[{"taxonomy":"category","embeddable":true,"href":"https:\/\/folhadopirajucara.com.br\/index.php\/wp-json\/wp\/v2\/categories?post=1391"},{"taxonomy":"post_tag","embeddable":true,"href":"https:\/\/folhadopirajucara.com.br\/index.php\/wp-json\/wp\/v2\/tags?post=1391"}],"curies":[{"name":"wp","href":"https:\/\/api.w.org\/{rel}","templated":true}]}}