{"id":1453,"date":"2019-01-15T12:06:33","date_gmt":"2019-01-15T15:06:33","guid":{"rendered":"http:\/\/folhadopirajucara.com.br\/?p=1453"},"modified":"2019-01-15T12:06:33","modified_gmt":"2019-01-15T15:06:33","slug":"fernando-fernandes-fala-dos-problemas-que-taboao-da-serra-pode-sofrer-sem-verba-de-remanejamento","status":"publish","type":"post","link":"https:\/\/folhadopirajucara.com.br\/index.php\/2019\/01\/15\/fernando-fernandes-fala-dos-problemas-que-taboao-da-serra-pode-sofrer-sem-verba-de-remanejamento\/","title":{"rendered":"Fernando Fernandes fala dos problemas  que Tabo\u00e3o da Serra pode sofrer sem verba de remanejamento"},"content":{"rendered":"<p><img loading=\"lazy\" decoding=\"async\" class=\"size-medium wp-image-1454 alignleft\" src=\"https:\/\/folhadopirajucara.com.br\/wp-content\/uploads\/2019\/01\/coletiva-ff-300x300.jpg\" alt=\"\" width=\"300\" height=\"300\" srcset=\"https:\/\/folhadopirajucara.com.br\/wp-content\/uploads\/2019\/01\/coletiva-ff-300x300.jpg 300w, https:\/\/folhadopirajucara.com.br\/wp-content\/uploads\/2019\/01\/coletiva-ff-150x150.jpg 150w, https:\/\/folhadopirajucara.com.br\/wp-content\/uploads\/2019\/01\/coletiva-ff.jpg 630w\" sizes=\"(max-width: 300px) 100vw, 300px\" \/><\/p>\n<p>No \u00faltimo dia 11\/01, o prefeito Dr. Fernando Fernandes, em entrevista coletiva explicou a import\u00e2ncia da verba de remanejamento constante na Pe\u00e7a Or\u00e7ament\u00e1ria de 2019 de Tabo\u00e3o da Serra.<\/p>\n<p>A principal motiva\u00e7\u00e3o da coletiva, foi explicar a imprensa local e regional, os efeitos negativos que a redu\u00e7\u00e3o da verba de remanejamento de 30% para 0% pode provocar na cidade. O prefeito exemplificou alguns dos efeitos nocivos que a atitude dos vereadores de Ney Santos na C\u00e2mara de Tabo\u00e3o pode provocar no dia a dia na cidade.<\/p>\n<p>Ele lembrou que aplicar recursos a mais na Sa\u00fade e na Educa\u00e7\u00e3o, suplementar a compra de mais medicamentos ou construir a Escola de Bailado no Parque das Hort\u00eansias, entre outros investimentos que podem ser necess\u00e1rios e que n\u00e3o estejam inclu\u00eddos no Or\u00e7amento Municipal, podem ser extremamente prejudicados com a falta da verba de remanejamento.<\/p>\n<p>De acordo com Fernando existe a obriga\u00e7\u00e3o de se investir 15% na Sa\u00fade, mas ele aplica 32, 33%. Do mesmo modo na Educa\u00e7\u00e3o, a obriga\u00e7\u00e3o \u00e9 de 25% e acaba aplicando 28%, \u201cutilizo da verba de remanejamento por meio de suplementa\u00e7\u00f5es\u201d, disse.<\/p>\n<p>&nbsp;<\/p>\n<p style=\"text-align: center;\"><strong>O que s\u00e3o suplementa\u00e7\u00f5es?<\/strong><\/p>\n<p>&nbsp;<\/p>\n<p>\u201cNunca utilizei os 30% da verba de remanejamento. Em suplementa\u00e7\u00e3o chegamos a no m\u00e1ximo 10%. Temos imprevistos, por exemplo, quando foi feito o Conjunto Habitacional Jo\u00e3o C\u00e2ndido precis\u00e1vamos construir uma rua atr\u00e1s (que n\u00e3o estava prevista no Or\u00e7amento), ent\u00e3o fizemos uma suplementa\u00e7\u00e3o e constru\u00edmos a rua\u201d, explicou o prefeito. O prefeito explicou que a suplementa\u00e7\u00e3o \u00e9 feita para tudo aquilo que n\u00e3o est\u00e1 no Or\u00e7amento e destacou mais exemplos de como a verba de remanejamento \u00e9 usada. \u201cTem um grande temporal na cidade e derruba uma ponte, vou ter que reconstruir a ponte, mas a verba n\u00e3o consta no Or\u00e7amento, ent\u00e3o fa\u00e7o uma suplementa\u00e7\u00e3o. Pretendia gastar um determinado valor na compra de medicamentos, mas foi insuficiente porque o munic\u00edpio ao lado, Embu das Artes, atende muito mal seus pacientes e eles v\u00eam ser atendidos aqui em Tabo\u00e3o, por isso minha demanda de medicamentos cresce, ent\u00e3o tenho que fazer uma suplementa\u00e7\u00e3o para comprar mais medicamentos\u201d, disse.<\/p>\n<p><strong>\u00a0<\/strong><\/p>\n<p style=\"text-align: center;\"><strong>Engessando o prefeito<\/strong><\/p>\n<p>&nbsp;<\/p>\n<p>O prefeito frisou \u201cquero que eles me apontem uma vez s\u00f3 que tenha usado a verba de remanejamento de forma desnecess\u00e1ria ou com falcatrua. Se me apontarem, eu me rendo. E se caso tenham visto, eles tem obriga\u00e7\u00e3o de me denunciar\u201d, afirmou.<\/p>\n<p>Fernando Fernandes se colocou aberto para conversar com os outros vereadores da oposi\u00e7\u00e3o \u201cmas n\u00e3o com a faca no pesco\u00e7o e de joelhos\u201d\u00a0 declarou.<\/p>\n<p>O prefeito frisou que ao reduzir de 30% para 0$ a verba de remanejamento, os vereadores pretendem engessar a sua Administra\u00e7\u00e3o. \u201cNingu\u00e9m faz um or\u00e7amento 100% fechado, sempre existe a necessidade de adequa\u00e7\u00f5es. Essa \u00e9 a import\u00e2ncia da verba de remanejamento e n\u00e3o existe nenhuma prefeitura que trabalhe sem ela\u201d, disse ele. \u201cAcredito muito no ano de 2019. Estou otimista. Essa \u00e9 uma quest\u00e3o pol\u00edtica. Vamos tocar a cidade, continuar trabalhando e construindo\u201d, finalizou ele.<\/p>\n","protected":false},"excerpt":{"rendered":"<p>No \u00faltimo dia 11\/01, o prefeito Dr. Fernando Fernandes, em entrevista coletiva explicou a import\u00e2ncia da verba de remanejamento constante<\/p>\n","protected":false},"author":3,"featured_media":1454,"comment_status":"open","ping_status":"open","sticky":false,"template":"","format":"standard","meta":{"footnotes":""},"categories":[1,10],"tags":[],"class_list":["post-1453","post","type-post","status-publish","format-standard","has-post-thumbnail","hentry","category-destaque","category-taboao-da-serra"],"_links":{"self":[{"href":"https:\/\/folhadopirajucara.com.br\/index.php\/wp-json\/wp\/v2\/posts\/1453"}],"collection":[{"href":"https:\/\/folhadopirajucara.com.br\/index.php\/wp-json\/wp\/v2\/posts"}],"about":[{"href":"https:\/\/folhadopirajucara.com.br\/index.php\/wp-json\/wp\/v2\/types\/post"}],"author":[{"embeddable":true,"href":"https:\/\/folhadopirajucara.com.br\/index.php\/wp-json\/wp\/v2\/users\/3"}],"replies":[{"embeddable":true,"href":"https:\/\/folhadopirajucara.com.br\/index.php\/wp-json\/wp\/v2\/comments?post=1453"}],"version-history":[{"count":0,"href":"https:\/\/folhadopirajucara.com.br\/index.php\/wp-json\/wp\/v2\/posts\/1453\/revisions"}],"wp:featuredmedia":[{"embeddable":true,"href":"https:\/\/folhadopirajucara.com.br\/index.php\/wp-json\/wp\/v2\/media\/1454"}],"wp:attachment":[{"href":"https:\/\/folhadopirajucara.com.br\/index.php\/wp-json\/wp\/v2\/media?parent=1453"}],"wp:term":[{"taxonomy":"category","embeddable":true,"href":"https:\/\/folhadopirajucara.com.br\/index.php\/wp-json\/wp\/v2\/categories?post=1453"},{"taxonomy":"post_tag","embeddable":true,"href":"https:\/\/folhadopirajucara.com.br\/index.php\/wp-json\/wp\/v2\/tags?post=1453"}],"curies":[{"name":"wp","href":"https:\/\/api.w.org\/{rel}","templated":true}]}}