{"id":1669,"date":"2019-05-13T17:55:10","date_gmt":"2019-05-13T20:55:10","guid":{"rendered":"http:\/\/folhadopirajucara.com.br\/?p=1669"},"modified":"2019-05-13T17:55:10","modified_gmt":"2019-05-13T20:55:10","slug":"vereadora-rita-de-cassia-parabeniza-i-premiacao-aos-profissionais-inspiradores-da-area-da-saude","status":"publish","type":"post","link":"https:\/\/folhadopirajucara.com.br\/index.php\/2019\/05\/13\/vereadora-rita-de-cassia-parabeniza-i-premiacao-aos-profissionais-inspiradores-da-area-da-saude\/","title":{"rendered":"Vereadora Rita de C\u00e1ssia parabeniza I Premia\u00e7\u00e3o aos Profissionais Inspiradores da \u00c1rea da Sa\u00fade"},"content":{"rendered":"<p>No \u00faltimo dia 27\/04, a C\u00e2mara Municipal de S\u00e3o Paulo, foi palco da I Premia\u00e7\u00e3o aos Profissionais Inspiradores da \u00c1rea da Sa\u00fade.<\/p>\n<p>A vereadora Rita de C\u00e1ssia, PSDB \u2013 Tabo\u00e3o da Serra participou da solenidade, fazendo parte da mesa diretora do evento. A vereadora manifestou sua satisfa\u00e7\u00e3o com o evento e declarou:<\/p>\n<p>\u201cPrimeiramente gostaria de parabenizar a minha amiga Regiane Gama Xavier PRESIDENTE SFIC, que esteve \u00e1 frente de uma homenagem t\u00e3o linda\u201d.<\/p>\n<p>O objetivo foi o de premiar a dedica\u00e7\u00e3o de profissionais, dentre eles: M\u00e9dicos, Enfermeiros e Instrumentadores Cir\u00fargicos, que durante sua trajet\u00f3ria profissional se tornaram inspira\u00e7\u00e3o para que outros profissionais pudessem se espelhar e se motivar, fazendo da sua voca\u00e7\u00e3o um trabalho \u00e9tico, respons\u00e1vel e nobre.<\/p>\n<p>\u201cSabemos a import\u00e2ncia de termos profissionais qualificados na \u00e1rea de sa\u00fade, gra\u00e7as a Deus temos pessoas que doam suas vidas para salvar vidas e poder dar alegria para as fam\u00edlias que por algum per\u00edodo passaram por momentos de angustias\u201d, disse a vereadora Rita de C\u00e1ssia.<\/p>\n<p>A vereadora lembra a sua viv\u00eancia na \u00e1rea da Sa\u00fade, \u201ctrabalhei na \u00e1rea e tive diversas experi\u00eancias, sempre lutei para o bom atendimento para que todos tivessem um conforto no momento de dor\u201d.<\/p>\n<p>Rita de C\u00e1ssia parabenizou todos os homenageados que tem uma admir\u00e1vel carreira salvando vidas e ensinando a salvar.<\/p>\n<p>\u201cQue Deus aben\u00e7oe a Todos, e que continuem com esse trabalho maravilhoso salvando vidas e trazendo alegria para muitas fam\u00edlias. Dedico essa homenagem a todos os M\u00e9dicos, Enfermeiros e Instrumentadores Cir\u00fargicos de nossa cidade, tenho orgulho sim e sempre agrade\u00e7o a Deus por isso\u201d, finalizou a vereadora.<\/p>\n","protected":false},"excerpt":{"rendered":"<p>No \u00faltimo dia 27\/04, a C\u00e2mara Municipal de S\u00e3o Paulo, foi palco da I Premia\u00e7\u00e3o aos Profissionais Inspiradores da \u00c1rea<\/p>\n","protected":false},"author":3,"featured_media":1670,"comment_status":"open","ping_status":"open","sticky":false,"template":"","format":"standard","meta":{"footnotes":""},"categories":[1,4,10],"tags":[],"class_list":["post-1669","post","type-post","status-publish","format-standard","has-post-thumbnail","hentry","category-destaque","category-noticias","category-taboao-da-serra"],"_links":{"self":[{"href":"https:\/\/folhadopirajucara.com.br\/index.php\/wp-json\/wp\/v2\/posts\/1669"}],"collection":[{"href":"https:\/\/folhadopirajucara.com.br\/index.php\/wp-json\/wp\/v2\/posts"}],"about":[{"href":"https:\/\/folhadopirajucara.com.br\/index.php\/wp-json\/wp\/v2\/types\/post"}],"author":[{"embeddable":true,"href":"https:\/\/folhadopirajucara.com.br\/index.php\/wp-json\/wp\/v2\/users\/3"}],"replies":[{"embeddable":true,"href":"https:\/\/folhadopirajucara.com.br\/index.php\/wp-json\/wp\/v2\/comments?post=1669"}],"version-history":[{"count":0,"href":"https:\/\/folhadopirajucara.com.br\/index.php\/wp-json\/wp\/v2\/posts\/1669\/revisions"}],"wp:featuredmedia":[{"embeddable":true,"href":"https:\/\/folhadopirajucara.com.br\/index.php\/wp-json\/wp\/v2\/media\/1670"}],"wp:attachment":[{"href":"https:\/\/folhadopirajucara.com.br\/index.php\/wp-json\/wp\/v2\/media?parent=1669"}],"wp:term":[{"taxonomy":"category","embeddable":true,"href":"https:\/\/folhadopirajucara.com.br\/index.php\/wp-json\/wp\/v2\/categories?post=1669"},{"taxonomy":"post_tag","embeddable":true,"href":"https:\/\/folhadopirajucara.com.br\/index.php\/wp-json\/wp\/v2\/tags?post=1669"}],"curies":[{"name":"wp","href":"https:\/\/api.w.org\/{rel}","templated":true}]}}