{"id":1672,"date":"2019-05-16T22:14:18","date_gmt":"2019-05-17T01:14:18","guid":{"rendered":"http:\/\/folhadopirajucara.com.br\/?p=1672"},"modified":"2019-05-16T22:15:14","modified_gmt":"2019-05-17T01:15:14","slug":"psl-de-embu-entre-o-sargento-ruas-e-ney-santos","status":"publish","type":"post","link":"https:\/\/folhadopirajucara.com.br\/index.php\/2019\/05\/16\/psl-de-embu-entre-o-sargento-ruas-e-ney-santos\/","title":{"rendered":"PSL de Embu entre o Sargento Ruas e Ney Santos"},"content":{"rendered":"<p>A situa\u00e7\u00e3o do PSL \u2013 Partido Social Liberal, de Embu das Artes pode caminhar na contram\u00e3o das recomenda\u00e7\u00f5es e diretrizes da ideologia da legenda.<\/p>\n<p>Na cidade, o PSL parece possuir tr\u00eas frentes. De um lado a linha mais autentica do partido, tendo a frente o presidente Coronel Mas de Camargo e o prefeitur\u00e1vel Sargento Ruas. Por\u00e9m, o crescimento Estadual e Federal do Partido despertou o interesse de outros agentes pol\u00edticos menos identificados com a ideologia partid\u00e1ria. Uma das linhas parece querer entrar na cidade via o deputado federal Jr. Bozella e a outra, pelo tamb\u00e9m federal Deputado Abou Anni. Em comum, esses dois deputados j\u00e1 orbitam em torno do prefeito Ney Santos.<\/p>\n<p>&nbsp;<\/p>\n<p style=\"text-align: center;\"><strong>Polariza\u00e7\u00e3o<\/strong><\/p>\n<p>&nbsp;<\/p>\n<p>Essa disputa pelas diretrizes do PSL no Embu das Artes acabam colocando em p\u00f3los opostos Sargento Ruas contra o prefeito Ney Santos. Um defendendo uma postura hier\u00e1rquica e respeit\u00e1vel do Universo Militar em busca de resgatar a Ordem e o Progresso no Pa\u00eds. No outro, com diversas denuncias e suspeitas de associa\u00e7\u00e3o ao crime organizado e, que busca, a ter nas elei\u00e7\u00f5es de 2020, um partido a mais sob seu controle.<\/p>\n<p style=\"text-align: center;\"><strong>Liga\u00e7\u00f5es perigosas<\/strong><\/p>\n<p><img loading=\"lazy\" decoding=\"async\" class=\"size-medium wp-image-1673 alignleft\" src=\"https:\/\/folhadopirajucara.com.br\/wp-content\/uploads\/2019\/05\/PITTER-214x300.jpg\" alt=\"\" width=\"214\" height=\"300\" srcset=\"https:\/\/folhadopirajucara.com.br\/wp-content\/uploads\/2019\/05\/PITTER-214x300.jpg 214w, https:\/\/folhadopirajucara.com.br\/wp-content\/uploads\/2019\/05\/PITTER.jpg 295w\" sizes=\"(max-width: 214px) 100vw, 214px\" \/><\/p>\n<p>Uma das lideran\u00e7as embuenses infiltradas no PSL e que busca atrelar o partido a Ney Santos \u00e9 Thiago de Freitas. Em sua rede social ele j\u00e1 faz propaganda da indica\u00e7\u00e3o de uma emenda de 800 mil reais, para a Seguran\u00e7a P\u00fablica de Embu das Artes, atrav\u00e9s do Deputado Federal Abou Anni. O principal elo de liga\u00e7\u00e3o entre Thiago de Freitas e o Ney Santos parece ser o vice prefeito Dr. Pitter.<\/p>\n<p>Outro nome com um hist\u00f3rico duvidoso \u00e1 apoiar a liga\u00e7\u00e3o \u201cPSL \u2013 Ney Santos\u201d \u00e9 o deputado Federal Jr. Bozella.<\/p>\n<p>Segundo a trajet\u00f3ria hist\u00f3rica do PSL, quando o partido ainda era \u201cpequeno\u201d, o presidente estadual era Roberto Siqueira, mesmo bloco pol\u00edtico de Bozella. Quando sua gest\u00e3o como presidente foi encerrada, o PSL estadual tinha uma d\u00edvida de 1,5 milh\u00e3o de reais. Com a presid\u00eancia do presidente estadual e atual senador Major Olimpio, as contas foram recuperadas e o partido, que com a Inadimpl\u00eancia da gest\u00e3o Roberto Siqueira corria o risco de n\u00e3o poder participar das elei\u00e7\u00f5es, elegeu uma das mais fortes bancadas na ALESP- Assembl\u00e9ia Legislativa do Estado de S\u00e3o Paulo. Recentemente o Major Olimpio, renunciou a presid\u00eancia do PSL Estadual e em seu lugar assumiu o Deputado Federal Eduardo Bolsonaro.<\/p>\n<p>O bloco chamado de \u201cPSL raiz\u201d se caracterizou, no passado, pela venda de legendas a quem pudesse pagar. Atualmente o partido busca identificar cidad\u00e3os desvinculados da forma de atuar das \u201cVelhas Pol\u00edticas brasileira.<\/p>\n<p>Porem os caminhos que o PSL de Embu pode tomar ser\u00e1 outro caso a legenda venha a ser\u00a0 adquirida.<\/p>\n<p style=\"text-align: center;\"><strong>Mancada do PSL?<\/strong><\/p>\n<p>&nbsp;<\/p>\n<p>Enquanto o presidente Jair Bolsonaro tem como ministro da Justi\u00e7a S\u00e9rgio Moro, que se notabilizou pela opera\u00e7\u00e3o Lavo a Jato e combate a corrup\u00e7\u00e3o, a ind\u00edcios de que o Deputado Federal Bozella est\u00e1 interessado em entregar o PSL de Embu das Artes \u00e1s m\u00e3os de pessoas possivelmente ligadas ao crime organizado.<\/p>\n<p>O pano de fundo dessa hist\u00f3ria parece ser as verbas de R$ 25 milh\u00f5es que o PSL dever\u00e1 receber do Fundo Partid\u00e1rio e, a gan\u00e2ncia alimentada pela venda de legendas para as pr\u00f3ximas campanhas eleitorais. Esta postura da \u201cantiga\u201d pol\u00edtica brasileira, reconhecida por muitos na figura de Bozella, ainda mant\u00e9m viva a sua esperan\u00e7a em substituir Eduardo Bolsonaro na Presid\u00eancia Estadual do Partido.<\/p>\n<p>Enquanto isto, nos corredores do poder, sabe-se que, al\u00e9m de Embu das Artes, a mesma corrente tenta derrubar as lideran\u00e7as do partido em Itapecerica da Serra e Tabo\u00e3o da Serra, para manter uma estrutura comprometida, n\u00e3o com a Ordem e o Progresso, mas com a desordem e a criminalidade.<\/p>\n<p>Ser\u00e1 que \u00e9 esse \u201cO Brasil acima de tudo e Deus acima de todos\u201d, que os militares deixaram tomar conta de nossas cidades.<\/p>\n","protected":false},"excerpt":{"rendered":"<p>A situa\u00e7\u00e3o do PSL \u2013 Partido Social Liberal, de Embu das Artes pode caminhar na contram\u00e3o das recomenda\u00e7\u00f5es e diretrizes<\/p>\n","protected":false},"author":3,"featured_media":1674,"comment_status":"open","ping_status":"open","sticky":false,"template":"","format":"standard","meta":{"footnotes":""},"categories":[1,15,4],"tags":[],"class_list":["post-1672","post","type-post","status-publish","format-standard","has-post-thumbnail","hentry","category-destaque","category-embu-das-artes","category-noticias"],"_links":{"self":[{"href":"https:\/\/folhadopirajucara.com.br\/index.php\/wp-json\/wp\/v2\/posts\/1672"}],"collection":[{"href":"https:\/\/folhadopirajucara.com.br\/index.php\/wp-json\/wp\/v2\/posts"}],"about":[{"href":"https:\/\/folhadopirajucara.com.br\/index.php\/wp-json\/wp\/v2\/types\/post"}],"author":[{"embeddable":true,"href":"https:\/\/folhadopirajucara.com.br\/index.php\/wp-json\/wp\/v2\/users\/3"}],"replies":[{"embeddable":true,"href":"https:\/\/folhadopirajucara.com.br\/index.php\/wp-json\/wp\/v2\/comments?post=1672"}],"version-history":[{"count":0,"href":"https:\/\/folhadopirajucara.com.br\/index.php\/wp-json\/wp\/v2\/posts\/1672\/revisions"}],"wp:featuredmedia":[{"embeddable":true,"href":"https:\/\/folhadopirajucara.com.br\/index.php\/wp-json\/wp\/v2\/media\/1674"}],"wp:attachment":[{"href":"https:\/\/folhadopirajucara.com.br\/index.php\/wp-json\/wp\/v2\/media?parent=1672"}],"wp:term":[{"taxonomy":"category","embeddable":true,"href":"https:\/\/folhadopirajucara.com.br\/index.php\/wp-json\/wp\/v2\/categories?post=1672"},{"taxonomy":"post_tag","embeddable":true,"href":"https:\/\/folhadopirajucara.com.br\/index.php\/wp-json\/wp\/v2\/tags?post=1672"}],"curies":[{"name":"wp","href":"https:\/\/api.w.org\/{rel}","templated":true}]}}