{"id":1854,"date":"2019-06-28T23:31:50","date_gmt":"2019-06-29T02:31:50","guid":{"rendered":"http:\/\/folhadopirajucara.com.br\/?p=1854"},"modified":"2019-06-28T23:31:50","modified_gmt":"2019-06-29T02:31:50","slug":"hugo-prado-e-gilson-oliveira-homenageiam-pastores-pelos-108-anos-de-assembleia-de-deus-no-brasil","status":"publish","type":"post","link":"https:\/\/folhadopirajucara.com.br\/index.php\/2019\/06\/28\/hugo-prado-e-gilson-oliveira-homenageiam-pastores-pelos-108-anos-de-assembleia-de-deus-no-brasil\/","title":{"rendered":"Hugo Prado e Gilson Oliveira homenageiam pastores pelos 108 anos de Assembleia de Deus no Brasil"},"content":{"rendered":"<p><img loading=\"lazy\" decoding=\"async\" class=\"size-medium wp-image-1856 alignleft\" src=\"https:\/\/folhadopirajucara.com.br\/wp-content\/uploads\/2019\/06\/foto-capa-1-300x200.jpg\" alt=\"\" width=\"300\" height=\"200\" srcset=\"https:\/\/folhadopirajucara.com.br\/wp-content\/uploads\/2019\/06\/foto-capa-1-300x200.jpg 300w, https:\/\/folhadopirajucara.com.br\/wp-content\/uploads\/2019\/06\/foto-capa-1-768x512.jpg 768w, https:\/\/folhadopirajucara.com.br\/wp-content\/uploads\/2019\/06\/foto-capa-1.jpg 945w\" sizes=\"(max-width: 300px) 100vw, 300px\" \/>Na Sess\u00e3o Ordin\u00e1ria da C\u00e2mara de Embu das Artes, de 26\/06, os vereadores embuenses homenagearam pastores do munic\u00edpio pelos 108 anos de exist\u00eancia da Assembleia de Deus no pa\u00eds e entregaram tr\u00eas t\u00edtulos de cidad\u00e3o embuense. O presidente da C\u00e2mara, Hugo Prado, e o vereador, vice-presidente, Gilson Oliveira, aprovaram uma mo\u00e7\u00e3o de aplausos a Assembleia de Deus e entregaram Placas, medalhas de Honra ao M\u00e9rito.<\/p>\n<p>Gilson Oliveira e Hugo Prado apresentaram a mo\u00e7\u00e3o de aplausos \u00e0 Assembleia de Deus pelos 108 de exist\u00eancia no Brasil e homenagearam diversos pastores ao final da sess\u00e3o, com entrega de medalhas, placas e flores.<\/p>\n<p>\u201cNessa mo\u00e7\u00e3o n\u00f3s quer\u00edamos de colocar mais pastores porque todos s\u00e3o merecedores, mas de fato aqui s\u00e3o homens de Deus que a gente est\u00e1 homenageando nessa mo\u00e7\u00e3o e eu quero agradecer a todos os pastores que est\u00e3o presentes, mesmo aqueles que n\u00e3o receber\u00e3o essas placas, n\u00f3s estaremos dando tr\u00eas t\u00edtulos de cidad\u00e3o embuense, 10 placas e medalhas aos outros pastores. Pe\u00e7o que todos continuem orando ao nosso favor para que Deus nos aben\u00e7oe\u201d, disse o vereador Gilson Oliveira.<\/p>\n<p>\u201cEssa mo\u00e7\u00e3o tem como objetivo parabenizar e reconhecer o importante papel da igreja Assembleia de Deus em nossa sociedade. Vivemos em um momento de muita turbul\u00eancia, um momento onde acima de tudo celebrar os 108 anos da Assembleia de Deus nos mostra que n\u00f3s temos que ser firmes em nosso chamado. O Estado \u00e9 laico, mas o presidente dessa Casa \u00e9 crist\u00e3o, e o povo de Embu das Artes professa essa f\u00e9\u201d, disse Hugo destacando a import\u00e2ncia do trabalho de evangeliza\u00e7\u00e3o das igrejas no munic\u00edpio.<\/p>\n<p>Os vereadores tamb\u00e9m aprovaram a concess\u00e3o de tr\u00eas t\u00edtulos de cidad\u00e3o embuense em plen\u00e1rio. Um deles foi para o pastor Marco Roberto, atual Chefe de Gabinete. Os pastores: Jos\u00e9 dos Santos e Paulo Lucas Sacramento tamb\u00e9m receberam o t\u00edtulo de cidad\u00e3o.<\/p>\n<p><strong>Recesso<\/strong><\/p>\n<p>Como acontece todos os anos, o Legislativo embuense inicia seu recesso do m\u00eas de julho que ser\u00e1 do dia 27\/06 ao dia 06\/08. Nesse per\u00edodo, a C\u00e2mara permanecer\u00e1 aberta com todos os seus departamentos administrativos em pleno funcionamento. Por sua vez, cabe a cada vereador optar por manter em atividade seu gabinete nesse per\u00edodo.<\/p>\n<p>A comiss\u00e3o de recesso ser\u00e1 composta pelos seguintes vereadores: Hugo Prado, Andr\u00e9 Maestri, Carlinhos do Embu, Edv\u00e2nio Mendes, Dra. Bete, Gideon Santos, \u00cdndio Silva, Gilson Oliveira, Jefferosn do Caminh\u00e3o, Ricardo Almeida, Ros\u00e2ngela Santos e Doda Pinheiro. Em caso de necessidade, ser\u00e1 essa comiss\u00e3o requisitada a estar na C\u00e2mara para compor o Legislativo Municipal.<\/p>\n<p><strong>\u00a0<\/strong><\/p>\n<p><strong>Homenageados pelos 108 da Assembleia de Deus<\/strong><\/p>\n<p>&nbsp;<\/p>\n<p><strong>Medalhas<\/strong><\/p>\n<p>Pastor Jorge Bezerra<\/p>\n<p>Pastor Elizeu Rodrigues<\/p>\n<p>Pastor Antonio Luiz<\/p>\n<p>Pastor Paulo Fernado<\/p>\n<p>Bispo Cesar Macedo<\/p>\n<p>Pastor S\u00e9rgio setor 40<\/p>\n<p>Pastor Adilson<\/p>\n<p>Pastor Carlos Oliveira<\/p>\n<p>Pastor Silas (Barueri)<\/p>\n<p>Pastor Saulo (Barueri)<\/p>\n<p>Pastor Os\u00e9ias Celestino<\/p>\n<p>Pastor Alexandre Carvalho<\/p>\n<p>Pastor Ailton Ramos<\/p>\n<p>Pastor Elias Sim\u00f5es<\/p>\n<p>Pastor Alceu Rodrigues<\/p>\n<p>Bispo Wellington<\/p>\n<p>Pastor Amantino Lucio<\/p>\n<p>Pastor Rog\u00e9rio Valias<\/p>\n<p>Pastor Oziel Sousa<\/p>\n<p>Pastor Anderson Brito Leite<\/p>\n<p>Pastor Antonio Francisco<\/p>\n<p>Pastor Antonio de Jesus<\/p>\n<p>Pastor Julio Cesar<\/p>\n<p>Pastor Edivaldo F. dos Santos<\/p>\n<p>Pastor Carlos Alberto S. Souza<\/p>\n<p>Pastor Izequiel Silva<\/p>\n<p>Pastor Luiz Rocha<\/p>\n<p>Pastor Gilmar Ferreira<\/p>\n<p>Pastor Jos\u00e9 Roberto Silva<\/p>\n<p>&nbsp;<\/p>\n<p><strong>T\u00edtulo de Cidad\u00e3o Embuense<\/strong><\/p>\n<p>&nbsp;<\/p>\n<p>Pastor Dr. Jos\u00e9 dos Santos \u2013 indicado pelo vereador Doda Pinheiro<\/p>\n<p>Pastor Paulo Lucas Sacramento \u2013 indicado pelo vereador Hugo Prado<\/p>\n<p>Pastor Marco Roberto da Silva \u2013 indicado pelo vereador Gilson Oliveira<\/p>\n<p>&nbsp;<\/p>\n<p><strong>Placas:<\/strong><\/p>\n<p>Pastora Analice de Souza Rocha<\/p>\n<p>Pastor C\u00e2ndido<\/p>\n<p>Pastor Bruno Guimar\u00e3es de Souza<\/p>\n<p>Pastor Nerildo Acciony<\/p>\n<p>Pastor Alex de Melo Cardoso<\/p>\n<p>Ap\u00f3stolo Alberto Pires<\/p>\n<p>Pastor Honorino Silva Souza<\/p>\n<p>Pastor Jos\u00e9 Roberto da Silva<\/p>\n<p>Pastor C\u00edcero Jos\u00e9 Cardoso<\/p>\n<p>Bispo Leonardo Mota<\/p>\n<p>Pastora Edv\u00e2nia<\/p>\n<p>Pastora Marlene Sacramento<\/p>\n","protected":false},"excerpt":{"rendered":"<p>Na Sess\u00e3o Ordin\u00e1ria da C\u00e2mara de Embu das Artes, de 26\/06, os vereadores embuenses homenagearam pastores do munic\u00edpio pelos 108<\/p>\n","protected":false},"author":3,"featured_media":1855,"comment_status":"open","ping_status":"open","sticky":false,"template":"","format":"standard","meta":{"footnotes":""},"categories":[1,15,4],"tags":[],"class_list":["post-1854","post","type-post","status-publish","format-standard","has-post-thumbnail","hentry","category-destaque","category-embu-das-artes","category-noticias"],"_links":{"self":[{"href":"https:\/\/folhadopirajucara.com.br\/index.php\/wp-json\/wp\/v2\/posts\/1854"}],"collection":[{"href":"https:\/\/folhadopirajucara.com.br\/index.php\/wp-json\/wp\/v2\/posts"}],"about":[{"href":"https:\/\/folhadopirajucara.com.br\/index.php\/wp-json\/wp\/v2\/types\/post"}],"author":[{"embeddable":true,"href":"https:\/\/folhadopirajucara.com.br\/index.php\/wp-json\/wp\/v2\/users\/3"}],"replies":[{"embeddable":true,"href":"https:\/\/folhadopirajucara.com.br\/index.php\/wp-json\/wp\/v2\/comments?post=1854"}],"version-history":[{"count":0,"href":"https:\/\/folhadopirajucara.com.br\/index.php\/wp-json\/wp\/v2\/posts\/1854\/revisions"}],"wp:featuredmedia":[{"embeddable":true,"href":"https:\/\/folhadopirajucara.com.br\/index.php\/wp-json\/wp\/v2\/media\/1855"}],"wp:attachment":[{"href":"https:\/\/folhadopirajucara.com.br\/index.php\/wp-json\/wp\/v2\/media?parent=1854"}],"wp:term":[{"taxonomy":"category","embeddable":true,"href":"https:\/\/folhadopirajucara.com.br\/index.php\/wp-json\/wp\/v2\/categories?post=1854"},{"taxonomy":"post_tag","embeddable":true,"href":"https:\/\/folhadopirajucara.com.br\/index.php\/wp-json\/wp\/v2\/tags?post=1854"}],"curies":[{"name":"wp","href":"https:\/\/api.w.org\/{rel}","templated":true}]}}