{"id":1890,"date":"2019-07-08T16:45:36","date_gmt":"2019-07-08T19:45:36","guid":{"rendered":"http:\/\/folhadopirajucara.com.br\/?p=1890"},"modified":"2019-07-12T16:46:18","modified_gmt":"2019-07-12T19:46:18","slug":"jovens-reservistas-participam-de-juramento-a-bandeira-em-itapecerica","status":"publish","type":"post","link":"https:\/\/folhadopirajucara.com.br\/index.php\/2019\/07\/08\/jovens-reservistas-participam-de-juramento-a-bandeira-em-itapecerica\/","title":{"rendered":"Jovens reservistas participam de Juramento \u00e0 Bandeira em Itapecerica"},"content":{"rendered":"<p>A Junta Militar de Itapecerica da Serra realizou no Audit\u00f3rio do Complexo Administrativo na manh\u00e3 do dia 04\/07, a Cerim\u00f4nia de Juramento \u00e0 Bandeira 2019. O evento marcou a entrega do Certificado de Dispensa de Incorpora\u00e7\u00e3o (CDI) para mais de 200 jovens que fizeram o Alistamento Militar neste ano.<\/p>\n<p>\u201cVoc\u00eas est\u00e3o recebendo um documento muito importante, inclusive para quem pleiteia um cargo atrav\u00e9s de concurso p\u00fablico. Parab\u00e9ns a todos\u201d, destacou o prefeito Jorge Costa, presidente da Junta do Servi\u00e7o Militar de Itapecerica da Serra.<\/p>\n<p>O 1\u00ba Tenente Gledston Gomes de Fran\u00e7a, delegado da 3\u00aa Delegacia do Ex\u00e9rcito Brasileiro, cumpriu o protocolo da cerim\u00f4nia com execu\u00e7\u00e3o do Hino Nacional, entrada da Bandeira Nacional, seguido do juramento. \u201cHoje realizamos um dever c\u00edvico conforme determina a Constitui\u00e7\u00e3o Federal. A entrega do CDI sinaliza uma nova fase na vida dos jovens na sociedade. Quem n\u00e3o cumpre a Lei tem de arcar com as suas responsabilidades\u201d, explicou o Tenente.<\/p>\n<p>A cerim\u00f4nia foi prestigiada por familiares dos jovens; Heleno Menezes, chefe de Gabinete; Dr. Cl\u00e1udio Silvestre Rodrigues J\u00fanior, substituto da superintendente da Autarquia de Sa\u00fade-IS em per\u00edodo de f\u00e9rias; al\u00e9m de servidores da Junta do Servi\u00e7o Militar; Guarda Civil Municipal; Agente do Corpo de Bombeiros; secret\u00e1rio da junta de Itapecerica, Renato Borba; e da junta de Osasco, Francisco Lima.<\/p>\n","protected":false},"excerpt":{"rendered":"<p>A Junta Militar de Itapecerica da Serra realizou no Audit\u00f3rio do Complexo Administrativo na manh\u00e3 do dia 04\/07, a Cerim\u00f4nia<\/p>\n","protected":false},"author":3,"featured_media":1891,"comment_status":"open","ping_status":"open","sticky":false,"template":"","format":"standard","meta":{"footnotes":""},"categories":[27,16,4],"tags":[],"class_list":["post-1890","post","type-post","status-publish","format-standard","has-post-thumbnail","hentry","category-destaque-2","category-itapecerica-da-serra","category-noticias"],"_links":{"self":[{"href":"https:\/\/folhadopirajucara.com.br\/index.php\/wp-json\/wp\/v2\/posts\/1890"}],"collection":[{"href":"https:\/\/folhadopirajucara.com.br\/index.php\/wp-json\/wp\/v2\/posts"}],"about":[{"href":"https:\/\/folhadopirajucara.com.br\/index.php\/wp-json\/wp\/v2\/types\/post"}],"author":[{"embeddable":true,"href":"https:\/\/folhadopirajucara.com.br\/index.php\/wp-json\/wp\/v2\/users\/3"}],"replies":[{"embeddable":true,"href":"https:\/\/folhadopirajucara.com.br\/index.php\/wp-json\/wp\/v2\/comments?post=1890"}],"version-history":[{"count":0,"href":"https:\/\/folhadopirajucara.com.br\/index.php\/wp-json\/wp\/v2\/posts\/1890\/revisions"}],"wp:featuredmedia":[{"embeddable":true,"href":"https:\/\/folhadopirajucara.com.br\/index.php\/wp-json\/wp\/v2\/media\/1891"}],"wp:attachment":[{"href":"https:\/\/folhadopirajucara.com.br\/index.php\/wp-json\/wp\/v2\/media?parent=1890"}],"wp:term":[{"taxonomy":"category","embeddable":true,"href":"https:\/\/folhadopirajucara.com.br\/index.php\/wp-json\/wp\/v2\/categories?post=1890"},{"taxonomy":"post_tag","embeddable":true,"href":"https:\/\/folhadopirajucara.com.br\/index.php\/wp-json\/wp\/v2\/tags?post=1890"}],"curies":[{"name":"wp","href":"https:\/\/api.w.org\/{rel}","templated":true}]}}