{"id":1912,"date":"2019-07-24T14:13:43","date_gmt":"2019-07-24T17:13:43","guid":{"rendered":"http:\/\/folhadopirajucara.com.br\/?p=1912"},"modified":"2019-07-24T14:13:43","modified_gmt":"2019-07-24T17:13:43","slug":"acao-25-promove-a-entrega-da-medalha-teresa-de-benguela","status":"publish","type":"post","link":"https:\/\/folhadopirajucara.com.br\/index.php\/2019\/07\/24\/acao-25-promove-a-entrega-da-medalha-teresa-de-benguela\/","title":{"rendered":"A\u00e7\u00e3o 25 promove a entrega da Medalha Teresa de Benguela"},"content":{"rendered":"<p>O Dia da Mulher Negra\u00a0e dia Nacional\u00a0de Teresa de Benguela ser\u00e1\u00a0comemorado no pr\u00f3ximo\u00a0dia 26\/07, na Casa de Cultura\u00a0de Campo Limpo, a\u00a0entrega da medalha Teresa\u00a0de Benguela estendida a 25\u00a0mulheres, personalidades\u00a0da regi\u00e3o que contribuem\u00a0para o empoderamento,\u00a0pela conquista e espa\u00e7o de\u00a0poder. Tal encontro \u00e9 uma\u00a0realiza\u00e7\u00e3o do Projeto Social\u00a0A\u00e7\u00e3o25, autoridades\u00a0dever\u00e3o marcar presen\u00e7a\u00a0a essa primeira edi\u00e7\u00e3o da\u00a0honraria promovida pela\u00a0presidente Rubi Fran\u00e7a do\u00a0\u201cA\u00e7\u00e3o25\u201d.<br \/>\n\u201cA Medalha Teresa de Benguela&#8221; \u00e9 um reconhecimento\u00a0\u00e0 dedica\u00e7\u00e3o de todas as\u00a0homenageadas. a entrega<br \/>\ndestas medalhas \u00e0s mulheres\u00a0ser\u00e1 uma forma singela\u00a0de valoriza\u00e7\u00e3o a cada uma\u00a0delas\u201d, disse Rubi Fran\u00e7a.<br \/>\n\u201cParab\u00e9ns a todos que est\u00e3o\u00a0envolvidos nesta realiza\u00e7\u00e3o\u00a0e que mais atitudes\u00a0sejam\u00a0feitas, pois a inclus\u00e3o social\u00a0e referenciamento ao\u00a0negro contribuem para a\u00a0conscientiza\u00e7\u00e3o de todos,\u00a0independente de classe, religi\u00e3o,\u00a0pol\u00edtica e tantos outros\u00a0segmentos\u201d, conclui\u00a0Rubi.<\/p>\n<p style=\"text-align: center;\"><strong>Confira a rela\u00e7\u00e3o completa\u00a0das homenageadas<\/strong><\/p>\n<p>&#8211; Adilza Barbosa de Oliveira<br \/>\n&#8211; Ana Maria F\u00e9lix<br \/>\n&#8211; Adir Ferreira Cust\u00f3dio<br \/>\n&#8211; Arlene Oliveira<br \/>\n&#8211; Cl\u00e9o Ramos<br \/>\n&#8211; Cleonice Aparecida de\u00a0Oliveira<br \/>\n&#8211; Elenice Costa<br \/>\n&#8211; Euzenir Aparecida\u00a0Gon\u00e7alves<br \/>\n&#8211; Emira Batista<br \/>\n&#8211; Imaculada Concei\u00e7\u00e3o\u00a0Mendes dos Santos<br \/>\n&#8211; Janete Alves<br \/>\n&#8211; Jeanete de Oliveira<br \/>\n&#8211; Jucimara Alves<br \/>\n&#8211; Jane Mendon\u00e7a<br \/>\n&#8211; Joelma Silva<br \/>\n&#8211; Maria C\u00e9lia<br \/>\n&#8211; Maria Silva<br \/>\n&#8211; Maria Alves Caldeira<br \/>\n&#8211; Nice dos Santos<br \/>\n&#8211; P\u00e2mela Monteiro<br \/>\n&#8211; Ros\u00e2ngela Motta<br \/>\n&#8211; Rose Dorea<br \/>\n&#8211; Rose Santana<br \/>\n&#8211; Silvana Santana<br \/>\n&#8211; Vilma Aparecida Cust\u00f3dio<\/p>\n<p>&nbsp;<\/p>\n<p>A entrega da Medalha\u00a0Teresa de Benguela\u00a0ocorrer\u00e1 no dia 26\/07 \u00e0s\u00a018h, na Casa de Cultura\u00a0Campo Limpo, localizada\u00a0na Rua Aroldo de Azevedo\u00a0n\u00ba100, no Jardim Bom\u00a0Refugio &#8211; S\u00e3o Paulo.<\/p>\n","protected":false},"excerpt":{"rendered":"<p>O Dia da Mulher Negra\u00a0e dia Nacional\u00a0de Teresa de Benguela ser\u00e1\u00a0comemorado no pr\u00f3ximo\u00a0dia 26\/07, na Casa de Cultura\u00a0de Campo Limpo,<\/p>\n","protected":false},"author":3,"featured_media":1913,"comment_status":"open","ping_status":"open","sticky":false,"template":"","format":"standard","meta":{"footnotes":""},"categories":[1,4,10],"tags":[],"class_list":["post-1912","post","type-post","status-publish","format-standard","has-post-thumbnail","hentry","category-destaque","category-noticias","category-taboao-da-serra"],"_links":{"self":[{"href":"https:\/\/folhadopirajucara.com.br\/index.php\/wp-json\/wp\/v2\/posts\/1912"}],"collection":[{"href":"https:\/\/folhadopirajucara.com.br\/index.php\/wp-json\/wp\/v2\/posts"}],"about":[{"href":"https:\/\/folhadopirajucara.com.br\/index.php\/wp-json\/wp\/v2\/types\/post"}],"author":[{"embeddable":true,"href":"https:\/\/folhadopirajucara.com.br\/index.php\/wp-json\/wp\/v2\/users\/3"}],"replies":[{"embeddable":true,"href":"https:\/\/folhadopirajucara.com.br\/index.php\/wp-json\/wp\/v2\/comments?post=1912"}],"version-history":[{"count":0,"href":"https:\/\/folhadopirajucara.com.br\/index.php\/wp-json\/wp\/v2\/posts\/1912\/revisions"}],"wp:featuredmedia":[{"embeddable":true,"href":"https:\/\/folhadopirajucara.com.br\/index.php\/wp-json\/wp\/v2\/media\/1913"}],"wp:attachment":[{"href":"https:\/\/folhadopirajucara.com.br\/index.php\/wp-json\/wp\/v2\/media?parent=1912"}],"wp:term":[{"taxonomy":"category","embeddable":true,"href":"https:\/\/folhadopirajucara.com.br\/index.php\/wp-json\/wp\/v2\/categories?post=1912"},{"taxonomy":"post_tag","embeddable":true,"href":"https:\/\/folhadopirajucara.com.br\/index.php\/wp-json\/wp\/v2\/tags?post=1912"}],"curies":[{"name":"wp","href":"https:\/\/api.w.org\/{rel}","templated":true}]}}