{"id":197,"date":"2018-07-19T19:41:34","date_gmt":"2018-07-19T21:41:34","guid":{"rendered":"http:\/\/folhadopirajucara.com.br\/?p=197"},"modified":"2018-07-19T19:41:34","modified_gmt":"2018-07-19T21:41:34","slug":"moto-mao-amiga-e-vereadora-rita-da-saude-realizam-acao-social-em-taboao-da-serra","status":"publish","type":"post","link":"https:\/\/folhadopirajucara.com.br\/index.php\/2018\/07\/19\/moto-mao-amiga-e-vereadora-rita-da-saude-realizam-acao-social-em-taboao-da-serra\/","title":{"rendered":"Moto M\u00e3o Amiga e Vereadora Rita da Sa\u00fade realizam A\u00e7\u00e3o Social em Tabo\u00e3o da Serra"},"content":{"rendered":"<p><img loading=\"lazy\" decoding=\"async\" class=\"alignnone size-medium wp-image-198 alignleft\" src=\"https:\/\/folhadopirajucara.com.br\/wp-content\/uploads\/2018\/07\/M\u00c3O-AMIGA-300x183.jpg\" alt=\"\" width=\"300\" height=\"183\" srcset=\"https:\/\/folhadopirajucara.com.br\/wp-content\/uploads\/2018\/07\/M\u00c3O-AMIGA-300x183.jpg 300w, https:\/\/folhadopirajucara.com.br\/wp-content\/uploads\/2018\/07\/M\u00c3O-AMIGA-768x469.jpg 768w, https:\/\/folhadopirajucara.com.br\/wp-content\/uploads\/2018\/07\/M\u00c3O-AMIGA.jpg 960w\" sizes=\"(max-width: 300px) 100vw, 300px\" \/>No \u00faltimo dia 30\/06, a A\u00e7\u00e3o Social Moto M\u00e3o Amiga, que reuniu motoci\u00adclistas de Tabo\u00e3o da Serra e regi\u00e3o realizou o evento no gin\u00e1sio municipal de espor\u00adtes Ayrton Senna. O 1\u00ba \u2018Moto M\u00e3o Amiga realizado na cida\u00adde, contou com o apoio da ve\u00adreadora Rita de C\u00e1ssia e teve um p\u00fablico circulante de 3mil pessoas.<\/p>\n<p>Ao meio-dia os motociclis\u00adtas se concentraram no es\u00adtacionamento do Parque das Hort\u00eansias, e sa\u00edram em uma \u201cmotociata\u201d at\u00e9 o gin\u00e1sio. No local aconteceu o show em comemora\u00e7\u00e3o ao 20\u00ba aniver\u00ads\u00e1rio dos Escorpi\u00f5es MC e do 5\u00ba anivers\u00e1rio dos Mamutes do Vento MC, com as ban\u00addas Maverick77, Beco No\u00adbre, Vers\u00e3o Brasileira, Punch Classic Rock e Projeto Frene\u00adsi. A entrada foi 2 kg de ali\u00admentos n\u00e3o perec\u00edveis, exceto sal e a\u00e7\u00facar, que foram doa\u00addos a institui\u00e7\u00f5es de Tabo\u00e3o da Serra.<\/p>\n<p>De acordo com a vereadora Rita de C\u00e1ssia, a popula\u00e7\u00e3o teve \u00e0 disposi\u00e7\u00e3o teste de gli\u00adcemia, aferi\u00e7\u00e3o de press\u00e3o arterial, acupuntura auricular, exame ocular, corte de cabelo masculino e feminino, design de sobrancelhas, gin\u00e1stica laboral, consultoria jur\u00eddica, consultoria espiritual, aulas de zumba, consulta de Reike, es\u00admaltaria, balc\u00e3o de emprego, al\u00e9m de lazer para as crian\u00e7as, foram realizados mais de 600 atendimentos.<\/p>\n<p>\u201cN\u00f3s colaborando com o 1\u00ba Moto M\u00e3o Amiga na realiza\u00ad\u00e7\u00e3o desse evento. Eles pedi\u00adram nosso apoio para realizar a a\u00e7\u00e3o social, conseguimos reunir uma equipe de profis\u00adsionais que esteve realizando todo o atendimento \u00e0 popula\u00ad\u00e7\u00e3o durante todo s\u00e1bado gra\u00adtuitamente\u201d disse ela.<\/p>\n","protected":false},"excerpt":{"rendered":"<p>No \u00faltimo dia 30\/06, a A\u00e7\u00e3o Social Moto M\u00e3o Amiga, que reuniu motoci\u00adclistas de Tabo\u00e3o da Serra e regi\u00e3o realizou<\/p>\n","protected":false},"author":3,"featured_media":198,"comment_status":"open","ping_status":"open","sticky":false,"template":"","format":"standard","meta":{"footnotes":""},"categories":[4,10],"tags":[],"class_list":["post-197","post","type-post","status-publish","format-standard","has-post-thumbnail","hentry","category-noticias","category-taboao-da-serra"],"_links":{"self":[{"href":"https:\/\/folhadopirajucara.com.br\/index.php\/wp-json\/wp\/v2\/posts\/197"}],"collection":[{"href":"https:\/\/folhadopirajucara.com.br\/index.php\/wp-json\/wp\/v2\/posts"}],"about":[{"href":"https:\/\/folhadopirajucara.com.br\/index.php\/wp-json\/wp\/v2\/types\/post"}],"author":[{"embeddable":true,"href":"https:\/\/folhadopirajucara.com.br\/index.php\/wp-json\/wp\/v2\/users\/3"}],"replies":[{"embeddable":true,"href":"https:\/\/folhadopirajucara.com.br\/index.php\/wp-json\/wp\/v2\/comments?post=197"}],"version-history":[{"count":0,"href":"https:\/\/folhadopirajucara.com.br\/index.php\/wp-json\/wp\/v2\/posts\/197\/revisions"}],"wp:featuredmedia":[{"embeddable":true,"href":"https:\/\/folhadopirajucara.com.br\/index.php\/wp-json\/wp\/v2\/media\/198"}],"wp:attachment":[{"href":"https:\/\/folhadopirajucara.com.br\/index.php\/wp-json\/wp\/v2\/media?parent=197"}],"wp:term":[{"taxonomy":"category","embeddable":true,"href":"https:\/\/folhadopirajucara.com.br\/index.php\/wp-json\/wp\/v2\/categories?post=197"},{"taxonomy":"post_tag","embeddable":true,"href":"https:\/\/folhadopirajucara.com.br\/index.php\/wp-json\/wp\/v2\/tags?post=197"}],"curies":[{"name":"wp","href":"https:\/\/api.w.org\/{rel}","templated":true}]}}