{"id":2159,"date":"2019-09-16T21:56:20","date_gmt":"2019-09-17T00:56:20","guid":{"rendered":"http:\/\/folhadopirajucara.com.br\/?p=2159"},"modified":"2019-09-16T21:56:20","modified_gmt":"2019-09-17T00:56:20","slug":"desconstruindo-mitos-depressao-nao-e-frescura","status":"publish","type":"post","link":"https:\/\/folhadopirajucara.com.br\/index.php\/2019\/09\/16\/desconstruindo-mitos-depressao-nao-e-frescura\/","title":{"rendered":"Desconstruindo mitos: depress\u00e3o n\u00e3o \u00e9 frescura"},"content":{"rendered":"<p>A depress\u00e3o \u00e9 um transtorno psiqui\u00e1trico que afeta milh\u00f5es de pessoas no mundo todo e chega a ser considerada o mal do s\u00e9culo pelos especialistas. Ela \u00e9 do tipo de doen\u00e7a que pode afetar qualquer pessoa, independentemente de sua classe social, cor, orienta\u00e7\u00e3o sexual, religi\u00e3o, enfim. Qualquer pessoa em qualquer contexto, apesar de haver casos onde pessoas tem mais predisposi\u00e7\u00e3o do que outras. Essa doen\u00e7a pode se tornar cada vez mais grave se n\u00e3o for devidamente tratada e reconhecida, culminando na pior coisa: suic\u00eddio.<br \/>\nE mesmo assim, a depress\u00e3o ainda \u00e9 encarada por muitas pessoas como frescura, simples pessimismo ou at\u00e9 mesmo falta de car\u00e1ter. \u00c9 encarada como uma doen\u00e7a de poucos, ou nem mesmo como doen\u00e7a, o que faz com que muitas pessoas por a\u00ed sofram com ela sozinhas, sem nenhum tipo de ajuda ou tratamento.<br \/>\nOs sintomas da depress\u00e3o s\u00e3o, basicamente, iguais ao do suicida em potencial. Ou seja, humor deprimido (sentimento de vazio, tristeza, desesperan\u00e7a), falta de interesse ou prazer em todas ou quase todas as atividades que costumava fazer, muito ou pouco sono (a\u00ed entram as ins\u00f4nias), falta ou excesso de apetite que acarretam em ganho ou perda de peso daquelas de todo mundo notar, cansa\u00e7o ou perda de energia, sentimentos de inutilidade ou culpa excessiva, dificuldade de se concentrar, de se lembrar das coisas em geral e de tomar decis\u00f5es, al\u00e9m de pensamentos sobre morte e\/ou suic\u00eddio, com um plano espec\u00edfico ou n\u00e3o.<br \/>\nPra algu\u00e9m ser diagnosticado com depress\u00e3o, precisa ter no m\u00ednimo cinco desses sintomas acontecendo todos os dias, ou pelo menos quase todos os dias por um per\u00edodo m\u00ednimo de dois meses.<br \/>\nEnfim, depress\u00e3o n\u00e3o \u00e9 frescura e pode levar ao suic\u00eddio. Durante o chamado \u201cSetembro Amarelo\u201d, leia, debata, participe de F\u00f3runs e palestras e outras a\u00e7\u00f5es que buscam conscientizar a popula\u00e7\u00e3o, dos sintomas que podem levar um parente ou um amigo a cometer suic\u00eddio.<br \/>\nGrande parte das informa\u00e7\u00f5es desse editorial, pode ser consultados no link https:\/\/www.psicologiasdobrasil.com.br\/desconstruindo-mitos-depressao-nao-e-frescura\/<\/p>\n<p>M\u00e1rio Aparecido de Souza<br \/>\nEditor<\/p>\n","protected":false},"excerpt":{"rendered":"<p>A depress\u00e3o \u00e9 um transtorno psiqui\u00e1trico que afeta milh\u00f5es de pessoas no mundo todo e chega a ser considerada o<\/p>\n","protected":false},"author":3,"featured_media":1793,"comment_status":"open","ping_status":"open","sticky":false,"template":"","format":"standard","meta":{"footnotes":""},"categories":[2,4],"tags":[],"class_list":["post-2159","post","type-post","status-publish","format-standard","has-post-thumbnail","hentry","category-editorial","category-noticias"],"_links":{"self":[{"href":"https:\/\/folhadopirajucara.com.br\/index.php\/wp-json\/wp\/v2\/posts\/2159"}],"collection":[{"href":"https:\/\/folhadopirajucara.com.br\/index.php\/wp-json\/wp\/v2\/posts"}],"about":[{"href":"https:\/\/folhadopirajucara.com.br\/index.php\/wp-json\/wp\/v2\/types\/post"}],"author":[{"embeddable":true,"href":"https:\/\/folhadopirajucara.com.br\/index.php\/wp-json\/wp\/v2\/users\/3"}],"replies":[{"embeddable":true,"href":"https:\/\/folhadopirajucara.com.br\/index.php\/wp-json\/wp\/v2\/comments?post=2159"}],"version-history":[{"count":0,"href":"https:\/\/folhadopirajucara.com.br\/index.php\/wp-json\/wp\/v2\/posts\/2159\/revisions"}],"wp:featuredmedia":[{"embeddable":true,"href":"https:\/\/folhadopirajucara.com.br\/index.php\/wp-json\/wp\/v2\/media\/1793"}],"wp:attachment":[{"href":"https:\/\/folhadopirajucara.com.br\/index.php\/wp-json\/wp\/v2\/media?parent=2159"}],"wp:term":[{"taxonomy":"category","embeddable":true,"href":"https:\/\/folhadopirajucara.com.br\/index.php\/wp-json\/wp\/v2\/categories?post=2159"},{"taxonomy":"post_tag","embeddable":true,"href":"https:\/\/folhadopirajucara.com.br\/index.php\/wp-json\/wp\/v2\/tags?post=2159"}],"curies":[{"name":"wp","href":"https:\/\/api.w.org\/{rel}","templated":true}]}}