{"id":2245,"date":"2019-10-28T16:24:11","date_gmt":"2019-10-28T19:24:11","guid":{"rendered":"http:\/\/folhadopirajucara.com.br\/?p=2245"},"modified":"2019-10-28T16:24:11","modified_gmt":"2019-10-28T19:24:11","slug":"tv-pirajucara-marcos-paulo-avalia-seus-9-meses-como-presidente-da-camara-de-taboao-da-serra","status":"publish","type":"post","link":"https:\/\/folhadopirajucara.com.br\/index.php\/2019\/10\/28\/tv-pirajucara-marcos-paulo-avalia-seus-9-meses-como-presidente-da-camara-de-taboao-da-serra\/","title":{"rendered":"TV Piraju\u00e7ara: Marcos Paulo avalia seus 9 meses como presidente da C\u00e2mara de Tabo\u00e3o da Serra"},"content":{"rendered":"<p>No \u00faltimo dia 24\/10, em entrevista exclusiva \u00e1 TV Piraju\u00e7ara, o presidente Marcos Paulo apresentou e avaliou alguns dos projetos nesses nove meses \u00e1 frente do Legislativo taboanense.<\/p>\n<p>O presidente fez um balan\u00e7o da produ\u00e7\u00e3o feita pela C\u00e2mara Municipal e destacou o aumento da produtividade, o fortalecimento, amadurecimento e uni\u00e3o do Parlamento. Um dos t\u00f3picos iniciais foi a quest\u00e3o da Seguran\u00e7a P\u00fablica e o papel da ROMU e ROMUCAN<\/p>\n<p>Ele falou da aprova\u00e7\u00e3o de projetos importantes que beneficiam a popula\u00e7\u00e3o, a cidade, servidores, categorias, dentre eles destacou a cria\u00e7\u00e3o da Emenda Impositiva, um projeto hist\u00f3rico, que vai garantir mais representatividade para os vereadores e a participa\u00e7\u00e3o da popula\u00e7\u00e3o. Respondeu sobre a revis\u00e3o do regimento interno que dever\u00e1 ser, segundo ele, um grande marco desta gest\u00e3o.<\/p>\n<p>Na entrevista, Marcos Paulo destacou, as medidas sustent\u00e1veis que adotou como a economia de papel, com o envio da pauta atrav\u00e9s do whatsApp, digitaliza\u00e7\u00e3o de documentos .<\/p>\n<p>Encerrando a entrevista, o vereador Marcos Paulo relembrou a medalha 19 de fevereiro com a participa\u00e7\u00e3o de ex-presidentes, ex-vereadores e tamb\u00e9m relembrou que a Casa abriu pela primeira vez, atrav\u00e9s de uma exposi\u00e7\u00e3o, documentos hist\u00f3ricos produzidos durante os 60 anos de emancipa\u00e7\u00e3o pol\u00edtica e administrativa.<\/p>\n<p>Destacou foram as campanhas de pol\u00edticas p\u00fablicas realizadas por v\u00e1rios vereadores como o Maio Amarelo, preven\u00e7\u00e3o de acidentes no tr\u00e2nsito, Acessibilidade e dos Autistas.<\/p>\n<p>Confira na \u00edntegra a entrevista do Presidente Marcos Paulo \u00e1 TV Piraju\u00e7ara no Youtube atrav\u00e9s do link <a href=\"https:\/\/www.youtube.com\/watch?v=snDE6y4Dimg\">https:\/\/www.youtube.com\/watch?v=snDE6y4Dimg<\/a><\/p>\n","protected":false},"excerpt":{"rendered":"<p>No \u00faltimo dia 24\/10, em entrevista exclusiva \u00e1 TV Piraju\u00e7ara, o presidente Marcos Paulo apresentou e avaliou alguns dos projetos<\/p>\n","protected":false},"author":3,"featured_media":2246,"comment_status":"open","ping_status":"open","sticky":false,"template":"","format":"standard","meta":{"footnotes":""},"categories":[1,4,10],"tags":[],"class_list":["post-2245","post","type-post","status-publish","format-standard","has-post-thumbnail","hentry","category-destaque","category-noticias","category-taboao-da-serra"],"_links":{"self":[{"href":"https:\/\/folhadopirajucara.com.br\/index.php\/wp-json\/wp\/v2\/posts\/2245"}],"collection":[{"href":"https:\/\/folhadopirajucara.com.br\/index.php\/wp-json\/wp\/v2\/posts"}],"about":[{"href":"https:\/\/folhadopirajucara.com.br\/index.php\/wp-json\/wp\/v2\/types\/post"}],"author":[{"embeddable":true,"href":"https:\/\/folhadopirajucara.com.br\/index.php\/wp-json\/wp\/v2\/users\/3"}],"replies":[{"embeddable":true,"href":"https:\/\/folhadopirajucara.com.br\/index.php\/wp-json\/wp\/v2\/comments?post=2245"}],"version-history":[{"count":0,"href":"https:\/\/folhadopirajucara.com.br\/index.php\/wp-json\/wp\/v2\/posts\/2245\/revisions"}],"wp:featuredmedia":[{"embeddable":true,"href":"https:\/\/folhadopirajucara.com.br\/index.php\/wp-json\/wp\/v2\/media\/2246"}],"wp:attachment":[{"href":"https:\/\/folhadopirajucara.com.br\/index.php\/wp-json\/wp\/v2\/media?parent=2245"}],"wp:term":[{"taxonomy":"category","embeddable":true,"href":"https:\/\/folhadopirajucara.com.br\/index.php\/wp-json\/wp\/v2\/categories?post=2245"},{"taxonomy":"post_tag","embeddable":true,"href":"https:\/\/folhadopirajucara.com.br\/index.php\/wp-json\/wp\/v2\/tags?post=2245"}],"curies":[{"name":"wp","href":"https:\/\/api.w.org\/{rel}","templated":true}]}}