{"id":2278,"date":"2019-11-26T18:13:01","date_gmt":"2019-11-26T21:13:01","guid":{"rendered":"http:\/\/folhadopirajucara.com.br\/?p=2278"},"modified":"2019-11-26T18:13:01","modified_gmt":"2019-11-26T21:13:01","slug":"camara-municipal-de-taboao-da-serra-entrega-medalha-zumbi-dos-palmares","status":"publish","type":"post","link":"https:\/\/folhadopirajucara.com.br\/index.php\/2019\/11\/26\/camara-municipal-de-taboao-da-serra-entrega-medalha-zumbi-dos-palmares\/","title":{"rendered":"C\u00e2mara Municipal de Tabo\u00e3o da Serra entrega Medalha Zumbi dos Palmares"},"content":{"rendered":"<p><img loading=\"lazy\" decoding=\"async\" class=\"size-medium wp-image-2280 aligncenter\" src=\"https:\/\/folhadopirajucara.com.br\/wp-content\/uploads\/2019\/11\/C\u00e2mara-Municipal-de-Tabo\u00e3o-da-Serra-entrega-Medalha-Zumbi-dos-Palmares-300x200.jpg\" alt=\"\" width=\"300\" height=\"200\" srcset=\"https:\/\/folhadopirajucara.com.br\/wp-content\/uploads\/2019\/11\/C\u00e2mara-Municipal-de-Tabo\u00e3o-da-Serra-entrega-Medalha-Zumbi-dos-Palmares-300x200.jpg 300w, https:\/\/folhadopirajucara.com.br\/wp-content\/uploads\/2019\/11\/C\u00e2mara-Municipal-de-Tabo\u00e3o-da-Serra-entrega-Medalha-Zumbi-dos-Palmares.jpg 591w\" sizes=\"(max-width: 300px) 100vw, 300px\" \/>A \u00faltima ter\u00e7a-feira, dia 19\/11, ficou marcada por uma das mais belas sess\u00f5es solenes da C\u00e2mara Municipal de Tabo\u00e3o da Serra. O evento contou com a presen\u00e7a de mais de 500 moradores que prestigiaram a entrega da Medalha Zumbi dos Palmares, que chegou a sua s\u00e9tima edi\u00e7\u00e3o.<br \/>\nAo todo, 26 moradores e entidades que t\u00eam um trabalho dedicado ao fim do racismo, do preconceito, al\u00e9m da valoriza\u00e7\u00e3o da cultura afrodescendente e pela igualdade racial, receberam neste ano a Medalha Zumbi dos Palmares.<br \/>\nO presidente da C\u00e2mara Municipal, Marcos Paulo, classificou a sess\u00e3o solene como um sucesso. \u201cFoi muito emocionante entregar essa medalha para essas pessoas que t\u00eam, cada uma da sua forma, um importante trabalho aqui em Tabo\u00e3o da Serra. Esse \u00e9 o reconhecimento do Poder Legislativo por essas iniciativas que prop\u00f5em a igualdade racial e o fim do preconceito\u201d.<br \/>\nO evento come\u00e7ou com uma salva de palmas a todos os 26 homenageados. Em seguida, foi executado o hino nacional pelo professor de m\u00fasica Carlos Augusto. O hino municipal tamb\u00e9m foi entoado pela cantora Ana Helena, que tamb\u00e9m apresentou o cerimonial do evento.<br \/>\nO hino da \u00c1frica do Sul, pa\u00eds onde a segrega\u00e7\u00e3o racial ganhou contorno mundial, foi apresentado antes do in\u00edcio das condecora\u00e7\u00f5es pelo professor Carlos Augusto, que tamb\u00e9m leu a tradu\u00e7\u00e3o da letra: \u201cDeus aben\u00e7oe a \u00c1frica, que suas gl\u00f3rias sejam exaltadas, ou\u00e7a nossas preces. Deus nos aben\u00e7oe porque somos teus filhos, Deus cuide de nossa na\u00e7\u00e3o, acabe com os conflitos, nos proteja e proteja nossa na\u00e7\u00e3o\u201d.<br \/>\nO vereador Marcos Paulo leu frases de Nelson Mandela e de outros l\u00edderes negros. O representante do SOS Racismo da Assembleia Legislativa, Celso Fontana, leu uma poesia sobre a Consci\u00eancia Negra. Encerrando a parte cerimonial da sess\u00e3o, a cantora (e homenageada) Ruth de Jesus Fidelis, cantou uma m\u00fasica gospel.<br \/>\nAp\u00f3s a abertura da sess\u00e3o solene, foram feitas as homenagens aos 26 agraciados. A vereadora Joice Silva, por motivo de sa\u00fade, n\u00e3o pode comparecer no evento. Os homenageados receberam das m\u00e3os dos vereadores a medalha, que este ano ganhou um layout diferenciado, sendo entregue em uma base para melhor visualiza\u00e7\u00e3o da honraria.<br \/>\nUma das homenageadas pela C\u00e2mara Municipal, a cantora Marta Souza, que participou neste ano do programa The Voice Brasil, da Rede Globo, disse estar muito emocionada com a medalha. \u201cTenho muito orgulho e gratid\u00e3o pelo que nosso povo tem conquistado. Hoje foi um dia de homenagear tudo o que nosso povo preto sofreu, nossos pais, nossos av\u00f3s\u201d, disse.<br \/>\nPara quem quiser, pode assistir toda a cerim\u00f4nia de entrega da Medalha Zumbi dos Palmares no link: https:\/\/www.youtube.com\/watch?v=RlYd1Q9azmI<\/p>\n<p>Confira os homenageados:<\/p>\n<p>Alex Bodinho \u2013 Jorge Guerra dos Anjos \/ Carlos Roberto Bueno<br \/>\nAndr\u00e9 da Sorriso \u2013 Jaci Matheus dos Reis Filho \/ Jos\u00e9 Batista de Oliveira<br \/>\nCarlinhos do Leme \u2013 K\u00e1tia Helena de Jesus Ferreira Oliveira \/ Rubens Eloi dos Santos<br \/>\nCido da Yafarma \u2013 Marta Souza \/ Maria Eduardo Lopes Rocha<br \/>\nEduardo N\u00f3brega \u2013 Aline Siriano Paes Pereira \/ Edina Fernandes de Morais<br \/>\n\u00c9rica Franquini \u2013 Cleiton Graciano Camargo \/ Rita de C\u00e1ssia Camilo<br \/>\nJohnatan Noventa \u2013 Ana Fl\u00e1via Laura Pereira \/ Carlos C\u00e2ndido da Silva<br \/>\nJoice Silva \u2013 Pedro Vicente \/ Maria Nildes de Oliveira Silva<br \/>\nMarcos Paulo \u2013 Ruth de Jesus Fidelis \/ Let\u00edcia de Moura Santos<br \/>\nPriscila Sampaio \u2013 Rusia Maria Sousa de Amorim \/ Kele Cristina Pereira de Oliveira<br \/>\nProfessor Moreira \u2013 Andr\u00e9 Mendes Arnoldi \/ Rubiane Cristina de Fran\u00e7a<br \/>\nRita de C\u00e1ssia \u2013 Marquinhos Cerimonial \/ Ros\u00e2ngela Motta Augusto<br \/>\nRonaldo Onishi \u2013 Aparecida Lima do Nascimento \/ Carlos Alberto Pereira de Assis<\/p>\n<p>*fonte: Assessoria de Imprensa da CMTS<\/p>\n","protected":false},"excerpt":{"rendered":"<p>A \u00faltima ter\u00e7a-feira, dia 19\/11, ficou marcada por uma das mais belas sess\u00f5es solenes da C\u00e2mara Municipal de Tabo\u00e3o da<\/p>\n","protected":false},"author":3,"featured_media":2279,"comment_status":"open","ping_status":"open","sticky":false,"template":"","format":"standard","meta":{"footnotes":""},"categories":[1,4,10],"tags":[],"class_list":["post-2278","post","type-post","status-publish","format-standard","has-post-thumbnail","hentry","category-destaque","category-noticias","category-taboao-da-serra"],"_links":{"self":[{"href":"https:\/\/folhadopirajucara.com.br\/index.php\/wp-json\/wp\/v2\/posts\/2278"}],"collection":[{"href":"https:\/\/folhadopirajucara.com.br\/index.php\/wp-json\/wp\/v2\/posts"}],"about":[{"href":"https:\/\/folhadopirajucara.com.br\/index.php\/wp-json\/wp\/v2\/types\/post"}],"author":[{"embeddable":true,"href":"https:\/\/folhadopirajucara.com.br\/index.php\/wp-json\/wp\/v2\/users\/3"}],"replies":[{"embeddable":true,"href":"https:\/\/folhadopirajucara.com.br\/index.php\/wp-json\/wp\/v2\/comments?post=2278"}],"version-history":[{"count":0,"href":"https:\/\/folhadopirajucara.com.br\/index.php\/wp-json\/wp\/v2\/posts\/2278\/revisions"}],"wp:featuredmedia":[{"embeddable":true,"href":"https:\/\/folhadopirajucara.com.br\/index.php\/wp-json\/wp\/v2\/media\/2279"}],"wp:attachment":[{"href":"https:\/\/folhadopirajucara.com.br\/index.php\/wp-json\/wp\/v2\/media?parent=2278"}],"wp:term":[{"taxonomy":"category","embeddable":true,"href":"https:\/\/folhadopirajucara.com.br\/index.php\/wp-json\/wp\/v2\/categories?post=2278"},{"taxonomy":"post_tag","embeddable":true,"href":"https:\/\/folhadopirajucara.com.br\/index.php\/wp-json\/wp\/v2\/tags?post=2278"}],"curies":[{"name":"wp","href":"https:\/\/api.w.org\/{rel}","templated":true}]}}