{"id":2289,"date":"2019-11-26T18:42:39","date_gmt":"2019-11-26T21:42:39","guid":{"rendered":"http:\/\/folhadopirajucara.com.br\/?p=2289"},"modified":"2019-11-26T18:42:39","modified_gmt":"2019-11-26T21:42:39","slug":"gilson-oliveira-reflete-sobre-o-dia-do-evangelico","status":"publish","type":"post","link":"https:\/\/folhadopirajucara.com.br\/index.php\/2019\/11\/26\/gilson-oliveira-reflete-sobre-o-dia-do-evangelico\/","title":{"rendered":"Gilson Oliveira reflete sobre o Dia do Evang\u00e9lico"},"content":{"rendered":"<p>O vereador Gilson Oliveira, vice presidente da C\u00e2mara de Embu das Artes, faz uma reflex\u00e3o sobre os v\u00e1rios atos de intoler\u00e2ncia religiosa que se cometem no Brasil, principalmente contra evang\u00e9licos. E, aproveitando a data de 30\/11, ele fala sobre o dia do Evang\u00e9lico. Esta data visa o incentivo da espiritualidade e da f\u00e9 religiosa promovida pela doutrina crist\u00e3.<br \/>\nSegundo o vereador, o Dia do Evang\u00e9lico \u00e9 celebrado em diversas datas diferentes, de acordo com a regi\u00e3o e cidade do Brasil. De acordo com Gilson, o 30 de novembro, por exemplo, \u00e9 comemorado pelos evang\u00e9licos do Distrito Federal, que consideram o Dia do Evang\u00e9lico como um feriado, a partir da Lei Distrital n\u00ba 963\/1995.<br \/>\nJ\u00e1 no estado de Rond\u00f4nia, o Dia do Evang\u00e9lico \u00e9 comemorado em 18 de junho, sendo a data definida pela Lei Estadual n\u00ba 1.026\/2001. Em Rond\u00f4nia esta data tamb\u00e9m \u00e9 um feriado.<br \/>\nEm outras cidades, como Cuiab\u00e1, o Dia do Evang\u00e9lico (que \u00e9 celebrado em 31 de agosto) \u00e9 considerado apenas um ponto facultativo.<br \/>\nPara Gilson normalmente, o Dia do Evang\u00e9lico \u00e9 marcado por festas e f\u00f3runs de m\u00fasica gospel, al\u00e9m de palestras onde s\u00e3o discutidos assuntos referentes a cultura evang\u00e9lica.<br \/>\nPara o vereador al\u00e9m da data comemorativa, todos os dias devem ser dedicados \u00e1 reflex\u00e3o de nossos atos, passos e palavras, independente da denomina\u00e7\u00e3o ou religi\u00e3o, mas voltados para gra\u00e7as e louvores a Deus.<\/p>\n","protected":false},"excerpt":{"rendered":"<p>O vereador Gilson Oliveira, vice presidente da C\u00e2mara de Embu das Artes, faz uma reflex\u00e3o sobre os v\u00e1rios atos de<\/p>\n","protected":false},"author":3,"featured_media":2290,"comment_status":"open","ping_status":"open","sticky":false,"template":"","format":"standard","meta":{"footnotes":""},"categories":[27,15,4],"tags":[],"class_list":["post-2289","post","type-post","status-publish","format-standard","has-post-thumbnail","hentry","category-destaque-2","category-embu-das-artes","category-noticias"],"_links":{"self":[{"href":"https:\/\/folhadopirajucara.com.br\/index.php\/wp-json\/wp\/v2\/posts\/2289"}],"collection":[{"href":"https:\/\/folhadopirajucara.com.br\/index.php\/wp-json\/wp\/v2\/posts"}],"about":[{"href":"https:\/\/folhadopirajucara.com.br\/index.php\/wp-json\/wp\/v2\/types\/post"}],"author":[{"embeddable":true,"href":"https:\/\/folhadopirajucara.com.br\/index.php\/wp-json\/wp\/v2\/users\/3"}],"replies":[{"embeddable":true,"href":"https:\/\/folhadopirajucara.com.br\/index.php\/wp-json\/wp\/v2\/comments?post=2289"}],"version-history":[{"count":0,"href":"https:\/\/folhadopirajucara.com.br\/index.php\/wp-json\/wp\/v2\/posts\/2289\/revisions"}],"wp:featuredmedia":[{"embeddable":true,"href":"https:\/\/folhadopirajucara.com.br\/index.php\/wp-json\/wp\/v2\/media\/2290"}],"wp:attachment":[{"href":"https:\/\/folhadopirajucara.com.br\/index.php\/wp-json\/wp\/v2\/media?parent=2289"}],"wp:term":[{"taxonomy":"category","embeddable":true,"href":"https:\/\/folhadopirajucara.com.br\/index.php\/wp-json\/wp\/v2\/categories?post=2289"},{"taxonomy":"post_tag","embeddable":true,"href":"https:\/\/folhadopirajucara.com.br\/index.php\/wp-json\/wp\/v2\/tags?post=2289"}],"curies":[{"name":"wp","href":"https:\/\/api.w.org\/{rel}","templated":true}]}}