{"id":2404,"date":"2020-01-17T22:14:38","date_gmt":"2020-01-18T01:14:38","guid":{"rendered":"http:\/\/folhadopirajucara.com.br\/?p=2404"},"modified":"2020-01-21T18:34:32","modified_gmt":"2020-01-21T21:34:32","slug":"coletiva-de-geraldo-cruz-explanara-eleicoes-2020-em-embu-das-artes","status":"publish","type":"post","link":"https:\/\/folhadopirajucara.com.br\/index.php\/2020\/01\/17\/coletiva-de-geraldo-cruz-explanara-eleicoes-2020-em-embu-das-artes\/","title":{"rendered":"Coletiva de Geraldo Cruz explanara elei\u00e7\u00f5es 2020 em Embu das Artes"},"content":{"rendered":"<p>Geraldo Cruz convida para coletiva de imprensa que ser\u00e1 realizada segunda-feira, dia 20 de janeiro, as 10h, em seu escrit\u00f3rio em Embu das Artes.<\/p>\n<p>Vereador, presidente de C\u00e2mara, duas vezes prefeito de Embu das Artes e duas vezes Deputado Estadual pelo PT. Geraldo Cruz atrav\u00e9s dessa sua trajet\u00f3ria pol\u00edtica possui um patrim\u00f4nio eleitoral que o credencia a postular sua pr\u00e9-candidatura a prefeito com promissora possibilidade de vit\u00f3ria.<\/p>\n<p>Durante a coletiva a pauta ser\u00e1 as elei\u00e7\u00f5es municipais de Embu das Artes.<\/p>\n<p>Para a imprensa local e regional, na oportunidade dever\u00e3o ser explorados os principais problemas enfrentados pela atual administra\u00e7\u00e3o, principalmente as quest\u00f5es de Educa\u00e7\u00e3o, Sa\u00fade, Mobilidade Urbana e Administra\u00e7\u00e3o, como por exemplo atraso dos pagamentos do funcionalismo p\u00fablico, falta de medicamentos, os problemas nos kits e uniformes escolares, entre outros.<\/p>\n<p>Uma das quest\u00f5es que dever\u00e1 ser esclarecida \u00e9 se ele \u00e9 ou n\u00e3o pr\u00e9-candidato \u00e1 prefeito e por qual partido: PT ou PDT?<\/p>\n<p>A coletiva ocorrer\u00e1 no pr\u00f3ximo dia 20\/01 \u00e1s 10h em seu escrit\u00f3rio pol\u00edtico na Estrada de Itapecerica \u00e0 Campo Limpo, 194 &#8211; Jd. Independ\u00eancia, Embu das Artes.<\/p>\n","protected":false},"excerpt":{"rendered":"<p>Geraldo Cruz convida para coletiva de imprensa que ser\u00e1 realizada segunda-feira, dia 20 de janeiro, as 10h, em seu escrit\u00f3rio<\/p>\n","protected":false},"author":3,"featured_media":2407,"comment_status":"open","ping_status":"open","sticky":false,"template":"","format":"standard","meta":{"footnotes":""},"categories":[1,15,4],"tags":[],"class_list":["post-2404","post","type-post","status-publish","format-standard","has-post-thumbnail","hentry","category-destaque","category-embu-das-artes","category-noticias"],"_links":{"self":[{"href":"https:\/\/folhadopirajucara.com.br\/index.php\/wp-json\/wp\/v2\/posts\/2404"}],"collection":[{"href":"https:\/\/folhadopirajucara.com.br\/index.php\/wp-json\/wp\/v2\/posts"}],"about":[{"href":"https:\/\/folhadopirajucara.com.br\/index.php\/wp-json\/wp\/v2\/types\/post"}],"author":[{"embeddable":true,"href":"https:\/\/folhadopirajucara.com.br\/index.php\/wp-json\/wp\/v2\/users\/3"}],"replies":[{"embeddable":true,"href":"https:\/\/folhadopirajucara.com.br\/index.php\/wp-json\/wp\/v2\/comments?post=2404"}],"version-history":[{"count":0,"href":"https:\/\/folhadopirajucara.com.br\/index.php\/wp-json\/wp\/v2\/posts\/2404\/revisions"}],"wp:featuredmedia":[{"embeddable":true,"href":"https:\/\/folhadopirajucara.com.br\/index.php\/wp-json\/wp\/v2\/media\/2407"}],"wp:attachment":[{"href":"https:\/\/folhadopirajucara.com.br\/index.php\/wp-json\/wp\/v2\/media?parent=2404"}],"wp:term":[{"taxonomy":"category","embeddable":true,"href":"https:\/\/folhadopirajucara.com.br\/index.php\/wp-json\/wp\/v2\/categories?post=2404"},{"taxonomy":"post_tag","embeddable":true,"href":"https:\/\/folhadopirajucara.com.br\/index.php\/wp-json\/wp\/v2\/tags?post=2404"}],"curies":[{"name":"wp","href":"https:\/\/api.w.org\/{rel}","templated":true}]}}