{"id":2587,"date":"2020-03-19T21:24:30","date_gmt":"2020-03-20T00:24:30","guid":{"rendered":"http:\/\/folhadopirajucara.com.br\/?p=2587"},"modified":"2020-03-19T21:24:30","modified_gmt":"2020-03-20T00:24:30","slug":"prefeitura-inicia-construcao-de-centro-medico-embuense-de-combate-ao-coronavirus","status":"publish","type":"post","link":"https:\/\/folhadopirajucara.com.br\/index.php\/2020\/03\/19\/prefeitura-inicia-construcao-de-centro-medico-embuense-de-combate-ao-coronavirus\/","title":{"rendered":"Prefeitura inicia constru\u00e7\u00e3o de &#8220;Centro M\u00e9dico Embuense de Combate ao Coronav\u00edrus&#8221;"},"content":{"rendered":"<p style=\"text-align: left;\">A Prefeitura de Embu das Artes est\u00e1 construindo um \u201cCentro M\u00e9dico Embuense de Combate ao Coronav\u00edrus\u201d no munic\u00edpio, na \u00e1rea do Parque Francisco Rizzo (rua Alberto Giosa, 320). A expectativa \u00e9 de que a unidade seja conclu\u00edda e inicie o atendimento ao p\u00fablico em aproximadamente 5 dias.<\/p>\n<p>O local abrigar\u00e1 10 consult\u00f3rios, 40 leitos, sala de triagem, farm\u00e1cia, sala de medica\u00e7\u00e3o e sala de observa\u00e7\u00e3o. Ainda o local ter\u00e1 a central de atendimento via WhatsApp 24 horas (tirando d\u00favidas e avaliando casos suspeitos \u00e0 dist\u00e2ncia) juntamente com a central de comunica\u00e7\u00e3o, que produzir\u00e1 conte\u00fado informativo e combater\u00e1 desinforma\u00e7\u00f5es e not\u00edcias falsas (fake news).<\/p>\n<p>Mas aten\u00e7\u00e3o! Caso o (a) mun\u00edcipe apresente os primeiros sintomas suspeitos de coronav\u00edrus, ele (a) dever\u00e1 entrar em contato, primeiramente, com\u00a0<a href=\"http:\/\/cidadeembudasartes.sp.gov.br\/embu\/portal\/noticia\/ver\/12800\" target=\"_blank\" rel=\"noopener\" data-saferedirecturl=\"https:\/\/www.google.com\/url?q=http:\/\/cidadeembudasartes.sp.gov.br\/embu\/portal\/noticia\/ver\/12800&amp;source=gmail&amp;ust=1584750017986000&amp;usg=AFQjCNEQSMnasvkY-ZYGOXbBdIukHduchg\">central de atendimento via WhatsApp<\/a>\u00a0&#8211; n\u00fameros (11) 9 9146-3476 \/ (11) 9 4478-1175 &#8211; para que as equipes de Sa\u00fade orientem a popula\u00e7\u00e3o da melhor forma (Envie apenas mensagens de texto, curtas e objetivas).<br \/>\n<strong><br \/>\nComo funcionar\u00e1?<\/strong><\/p>\n<p>O munic\u00edpio n\u00e3o realiza os exames para atestar o coronav\u00edrus. Sendo assim, os pacientes direcionados pela\u00a0<a href=\"http:\/\/cidadeembudasartes.sp.gov.br\/embu\/portal\/noticia\/ver\/12800\" target=\"_blank\" rel=\"noopener\" data-saferedirecturl=\"https:\/\/www.google.com\/url?q=http:\/\/cidadeembudasartes.sp.gov.br\/embu\/portal\/noticia\/ver\/12800&amp;source=gmail&amp;ust=1584750017986000&amp;usg=AFQjCNEQSMnasvkY-ZYGOXbBdIukHduchg\">central de atendimento<\/a>\u00a0\u00e0 unidade no Parque Rizzo v\u00e3o passar por uma triagem, seguida de consulta m\u00e9dica e, caso necess\u00e1rio, ser\u00e3o encaminhados para a realiza\u00e7\u00e3o do exame. Apenas os casos mais graves poder\u00e3o ficar internados em leito.<\/p>\n<p>Os atendimentos continuar\u00e3o normalmente na Unidade de Pronto Atendimento &#8211; UPA Santo Eduardo e no Pronto-Socorro Central.<\/p>\n<p><strong>Condutas necess\u00e1rias da popula\u00e7\u00e3o:<\/strong>\u00a0isolamento (para n\u00e3o contaminar a fam\u00edlia, amigos e vizinhos) e a\u00e7\u00f5es de higiene (lavar as m\u00e3os com \u00e1gua e sab\u00e3o ou \u00e1lcool gel 70% e n\u00e3o levar as m\u00e3os \u00e0 boca e nariz).<br \/>\n<strong><br \/>\nEmbu contra o Corona<\/strong><\/p>\n<p>Para combater a prolifera\u00e7\u00e3o do v\u00edrus, al\u00e9m da Central, Embu das Artes est\u00e1 investindo na preven\u00e7\u00e3o para evitar o cont\u00e1gio do maior n\u00famero poss\u00edvel de mun\u00edcipes como o\u00a0<a href=\"http:\/\/cidadeembudasartes.sp.gov.br\/embu\/portal\/noticia\/ver\/12799\" target=\"_blank\" rel=\"noopener\" data-saferedirecturl=\"https:\/\/www.google.com\/url?q=http:\/\/cidadeembudasartes.sp.gov.br\/embu\/portal\/noticia\/ver\/12799&amp;source=gmail&amp;ust=1584750017986000&amp;usg=AFQjCNHrenNDO1c9DiTC3vVzbRQwavNNww\">fechamento da maioria dos equipamentos p\u00fablicos municipais<\/a>\u00a0e a cria\u00e7\u00e3o da\u00a0<a href=\"http:\/\/cidadeembudasartes.sp.gov.br\/embu\/portal\/noticia\/ver\/12800\" target=\"_blank\" rel=\"noopener\" data-saferedirecturl=\"https:\/\/www.google.com\/url?q=http:\/\/cidadeembudasartes.sp.gov.br\/embu\/portal\/noticia\/ver\/12800&amp;source=gmail&amp;ust=1584750017986000&amp;usg=AFQjCNEQSMnasvkY-ZYGOXbBdIukHduchg\">central de atendimento por WhatsApp<\/a>.<\/p>\n<p>At\u00e9 o momento, foi constado apenas um caso de coronav\u00edrus na cidade, na ter\u00e7a-feira, dia 17\/3, de um morador que realizou o exame na rede particular, mas que j\u00e1 recebeu todo apoio necess\u00e1rio do munic\u00edpio. Seu estado de sa\u00fade \u00e9 est\u00e1vel e ele est\u00e1 em isolamento domiciliar.<\/p>\n<p><strong>Equipamentos p\u00fablicos fechados<\/strong><\/p>\n<p>O Parque Francisco Rizzo e a maioria dos equipamentos p\u00fablicos municipais est\u00e3o fechados, em atendimento \u00e0s determina\u00e7\u00f5es do Minist\u00e9rio da Sa\u00fade, a fim de evitar a aglomera\u00e7\u00e3o de pessoas, que potencializa o cont\u00e1gio do coronav\u00edrus.<\/p>\n","protected":false},"excerpt":{"rendered":"<p>A Prefeitura de Embu das Artes est\u00e1 construindo um \u201cCentro M\u00e9dico Embuense de Combate ao Coronav\u00edrus\u201d no munic\u00edpio, na \u00e1rea<\/p>\n","protected":false},"author":3,"featured_media":2588,"comment_status":"open","ping_status":"open","sticky":false,"template":"","format":"standard","meta":{"footnotes":""},"categories":[1,15,4],"tags":[],"class_list":["post-2587","post","type-post","status-publish","format-standard","has-post-thumbnail","hentry","category-destaque","category-embu-das-artes","category-noticias"],"_links":{"self":[{"href":"https:\/\/folhadopirajucara.com.br\/index.php\/wp-json\/wp\/v2\/posts\/2587"}],"collection":[{"href":"https:\/\/folhadopirajucara.com.br\/index.php\/wp-json\/wp\/v2\/posts"}],"about":[{"href":"https:\/\/folhadopirajucara.com.br\/index.php\/wp-json\/wp\/v2\/types\/post"}],"author":[{"embeddable":true,"href":"https:\/\/folhadopirajucara.com.br\/index.php\/wp-json\/wp\/v2\/users\/3"}],"replies":[{"embeddable":true,"href":"https:\/\/folhadopirajucara.com.br\/index.php\/wp-json\/wp\/v2\/comments?post=2587"}],"version-history":[{"count":0,"href":"https:\/\/folhadopirajucara.com.br\/index.php\/wp-json\/wp\/v2\/posts\/2587\/revisions"}],"wp:featuredmedia":[{"embeddable":true,"href":"https:\/\/folhadopirajucara.com.br\/index.php\/wp-json\/wp\/v2\/media\/2588"}],"wp:attachment":[{"href":"https:\/\/folhadopirajucara.com.br\/index.php\/wp-json\/wp\/v2\/media?parent=2587"}],"wp:term":[{"taxonomy":"category","embeddable":true,"href":"https:\/\/folhadopirajucara.com.br\/index.php\/wp-json\/wp\/v2\/categories?post=2587"},{"taxonomy":"post_tag","embeddable":true,"href":"https:\/\/folhadopirajucara.com.br\/index.php\/wp-json\/wp\/v2\/tags?post=2587"}],"curies":[{"name":"wp","href":"https:\/\/api.w.org\/{rel}","templated":true}]}}