{"id":2617,"date":"2020-03-27T22:06:34","date_gmt":"2020-03-28T01:06:34","guid":{"rendered":"http:\/\/folhadopirajucara.com.br\/?p=2617"},"modified":"2020-03-27T22:06:34","modified_gmt":"2020-03-28T01:06:34","slug":"gilson-oliveira-explica-a-quarentena-da-camara-municipal-e-a-possibilidade-de-prorrogacao","status":"publish","type":"post","link":"https:\/\/folhadopirajucara.com.br\/index.php\/2020\/03\/27\/gilson-oliveira-explica-a-quarentena-da-camara-municipal-e-a-possibilidade-de-prorrogacao\/","title":{"rendered":"Gilson Oliveira explica a quarentena da C\u00e2mara Municipal e a possibilidade de prorroga\u00e7\u00e3o"},"content":{"rendered":"<blockquote>\n<p style=\"text-align: center;\">Medida foi tomada para prevenir a dissemina\u00e7\u00e3o do Coronav\u00edrus em Embu das Artes<\/p>\n<\/blockquote>\n<p>&nbsp;<\/p>\n<p>O vereador Gilson Oliveira, vice-presidente da C\u00e2mara Municipal de Embu das Artes, comenta a situa\u00e7\u00e3o da quarentena e a possibilidade de sua prorroga\u00e7\u00e3o.<\/p>\n<p>A Mesa da C\u00e2mara Municipal de Embu das Artes, reunida no dia 18\/03, deliberou a suspens\u00e3o at\u00e9 o pr\u00f3ximo dia 31\/03 a realiza\u00e7\u00e3o de sess\u00f5es ordin\u00e1rias da Casa. O vereador Gilson Oliveira explica que a medida visa a preven\u00e7\u00e3o \u00e0 dissemina\u00e7\u00e3o do Coronav\u00edrus (Covid-19).<\/p>\n<p>O vereador explica que a prorroga\u00e7\u00e3o das sess\u00f5es legislativas poder\u00e1 ocorrer ap\u00f3s avalia\u00e7\u00e3o do quadro na cidade. O prazo poder\u00e1 ser prorrogado com justificativa. Ele esclarece ainda que caso a suspens\u00e3o ultrapasse 30 dias, o recesso de meio de ano poder\u00e1 ser cancelado.<\/p>\n","protected":false},"excerpt":{"rendered":"<p>Medida foi tomada para prevenir a dissemina\u00e7\u00e3o do Coronav\u00edrus em Embu das Artes &nbsp; O vereador Gilson Oliveira, vice-presidente da<\/p>\n","protected":false},"author":3,"featured_media":2255,"comment_status":"open","ping_status":"open","sticky":false,"template":"","format":"standard","meta":{"footnotes":""},"categories":[1,15,4],"tags":[],"class_list":["post-2617","post","type-post","status-publish","format-standard","has-post-thumbnail","hentry","category-destaque","category-embu-das-artes","category-noticias"],"_links":{"self":[{"href":"https:\/\/folhadopirajucara.com.br\/index.php\/wp-json\/wp\/v2\/posts\/2617"}],"collection":[{"href":"https:\/\/folhadopirajucara.com.br\/index.php\/wp-json\/wp\/v2\/posts"}],"about":[{"href":"https:\/\/folhadopirajucara.com.br\/index.php\/wp-json\/wp\/v2\/types\/post"}],"author":[{"embeddable":true,"href":"https:\/\/folhadopirajucara.com.br\/index.php\/wp-json\/wp\/v2\/users\/3"}],"replies":[{"embeddable":true,"href":"https:\/\/folhadopirajucara.com.br\/index.php\/wp-json\/wp\/v2\/comments?post=2617"}],"version-history":[{"count":0,"href":"https:\/\/folhadopirajucara.com.br\/index.php\/wp-json\/wp\/v2\/posts\/2617\/revisions"}],"wp:featuredmedia":[{"embeddable":true,"href":"https:\/\/folhadopirajucara.com.br\/index.php\/wp-json\/wp\/v2\/media\/2255"}],"wp:attachment":[{"href":"https:\/\/folhadopirajucara.com.br\/index.php\/wp-json\/wp\/v2\/media?parent=2617"}],"wp:term":[{"taxonomy":"category","embeddable":true,"href":"https:\/\/folhadopirajucara.com.br\/index.php\/wp-json\/wp\/v2\/categories?post=2617"},{"taxonomy":"post_tag","embeddable":true,"href":"https:\/\/folhadopirajucara.com.br\/index.php\/wp-json\/wp\/v2\/tags?post=2617"}],"curies":[{"name":"wp","href":"https:\/\/api.w.org\/{rel}","templated":true}]}}