{"id":266,"date":"2018-07-24T16:02:18","date_gmt":"2018-07-24T18:02:18","guid":{"rendered":"http:\/\/folhadopirajucara.com.br\/?p=266"},"modified":"2018-07-24T16:02:18","modified_gmt":"2018-07-24T18:02:18","slug":"gilson-oliveira-fala-do-papel-dos-obreiros-e-o-ebom-2018","status":"publish","type":"post","link":"https:\/\/folhadopirajucara.com.br\/index.php\/2018\/07\/24\/gilson-oliveira-fala-do-papel-dos-obreiros-e-o-ebom-2018\/","title":{"rendered":"Gilson Oliveira fala do papel dos Obreiros e o EBOM 2018"},"content":{"rendered":"<p><img loading=\"lazy\" decoding=\"async\" class=\"size-medium wp-image-155 alignleft\" src=\"https:\/\/folhadopirajucara.com.br\/wp-content\/uploads\/2018\/07\/GILSON-300x297.jpg\" alt=\"\" width=\"300\" height=\"297\" srcset=\"https:\/\/folhadopirajucara.com.br\/wp-content\/uploads\/2018\/07\/GILSON-300x297.jpg 300w, https:\/\/folhadopirajucara.com.br\/wp-content\/uploads\/2018\/07\/GILSON-150x150.jpg 150w, https:\/\/folhadopirajucara.com.br\/wp-content\/uploads\/2018\/07\/GILSON.jpg 384w\" sizes=\"(max-width: 300px) 100vw, 300px\" \/><\/p>\n<p>Gilson Oliveira, pelo MDB de Embu das Artes e membro da Assembleia de Deus, Minist\u00e9rio Madureira, falando sobre a EBOM-2018, explica o papel do Obreiro na Igreja<\/p>\n<p>Gilson lembra que nos dias 16, 17 e 18 de agosto, estar\u00e1 sendo realizado pela Assembleia de Deus, Minist\u00e9rio Madureira, cujo o Presidente \u00e9 o Bispo Samuel Ferreira que preside o CONEMAD \u2013 Conven\u00e7\u00e3o Estadual da AD Madureira \u2013 SP, realizar\u00e1 em Embu das Artes, a Escola B\u00edblica de Obreiros e Membros EBOM 2018.<\/p>\n<p>Gilson Oliveira explica que \u201cquando um obreiro da casa de DEUS decide em seu cora\u00e7\u00e3o servi-lo, empenha-se em produzir frutos e ter uma vida espiritual promissora. Para isso n\u00e3o podemos deixar de apresentar fatores importantes que n\u00e3o podem ser ignorados por nenhum obreiro\u201d, explica ele.<\/p>\n<p>Gilson Oliveira diz que um Obreiro \u00e9 aquele que coopera na realiza\u00e7\u00e3o de uma ideia, plano, campanha ou apostolado, e ressalta que obreiro \u00e9 aquele que se descobri como servi\u00e7al do SENHOR e atende sem tardar o seu chamado.<\/p>\n<p>Para simplificar, Gilson pergunta: O que DEUS espera do seu Minist\u00e9rio obreiro e ao mesmo tempo responde: Que esteja disposto a servir e n\u00e3o ser servido, que lute em favor da Igreja e n\u00e3o contra ela como muitos fazem, que seja um exemplo para a igreja como obreiro aprovado: na pr\u00e1tica da palavra, no tratamento amoroso e sincero para com os irm\u00e3os, no exerc\u00edcio da f\u00e9, e na pureza de cora\u00e7\u00e3o e\u00a0 sem maldade e malicia para com os santos, que traga no cora\u00e7\u00e3o a ideia de \u201c Unidade\u201d e n\u00e3o de \u201cDivis\u00e3o\u201d, que respeite\u00a0 a opini\u00e3o do seu pr\u00f3ximo. DEUS n\u00e3o espera que sejamos iguais, e sim que tenhamos o mesmo prop\u00f3sito, e aplica\u00e7\u00e3o em sua obra e que respeite seu pastor, obede\u00e7a-o, honre-o e procure imit\u00e1-lo.<\/p>\n<p>O EBOM 2018 acontecer\u00e1 na sede da Assembleia de Deus \u2013 Minist\u00e9rio de Madureira, do Pq. Esplanada no Embu das Artes.<\/p>\n","protected":false},"excerpt":{"rendered":"<p>Gilson Oliveira, pelo MDB de Embu das Artes e membro da Assembleia de Deus, Minist\u00e9rio Madureira, falando sobre a EBOM-2018,<\/p>\n","protected":false},"author":3,"featured_media":155,"comment_status":"open","ping_status":"open","sticky":false,"template":"","format":"standard","meta":{"footnotes":""},"categories":[15,4],"tags":[],"class_list":["post-266","post","type-post","status-publish","format-standard","has-post-thumbnail","hentry","category-embu-das-artes","category-noticias"],"_links":{"self":[{"href":"https:\/\/folhadopirajucara.com.br\/index.php\/wp-json\/wp\/v2\/posts\/266"}],"collection":[{"href":"https:\/\/folhadopirajucara.com.br\/index.php\/wp-json\/wp\/v2\/posts"}],"about":[{"href":"https:\/\/folhadopirajucara.com.br\/index.php\/wp-json\/wp\/v2\/types\/post"}],"author":[{"embeddable":true,"href":"https:\/\/folhadopirajucara.com.br\/index.php\/wp-json\/wp\/v2\/users\/3"}],"replies":[{"embeddable":true,"href":"https:\/\/folhadopirajucara.com.br\/index.php\/wp-json\/wp\/v2\/comments?post=266"}],"version-history":[{"count":0,"href":"https:\/\/folhadopirajucara.com.br\/index.php\/wp-json\/wp\/v2\/posts\/266\/revisions"}],"wp:featuredmedia":[{"embeddable":true,"href":"https:\/\/folhadopirajucara.com.br\/index.php\/wp-json\/wp\/v2\/media\/155"}],"wp:attachment":[{"href":"https:\/\/folhadopirajucara.com.br\/index.php\/wp-json\/wp\/v2\/media?parent=266"}],"wp:term":[{"taxonomy":"category","embeddable":true,"href":"https:\/\/folhadopirajucara.com.br\/index.php\/wp-json\/wp\/v2\/categories?post=266"},{"taxonomy":"post_tag","embeddable":true,"href":"https:\/\/folhadopirajucara.com.br\/index.php\/wp-json\/wp\/v2\/tags?post=266"}],"curies":[{"name":"wp","href":"https:\/\/api.w.org\/{rel}","templated":true}]}}