{"id":2673,"date":"2020-04-19T11:53:37","date_gmt":"2020-04-19T14:53:37","guid":{"rendered":"http:\/\/folhadopirajucara.com.br\/?p=2673"},"modified":"2020-04-19T11:53:37","modified_gmt":"2020-04-19T14:53:37","slug":"gilberto-bomba-e-uma-das-apostas-do-dem-ao-legislativo-embuense","status":"publish","type":"post","link":"https:\/\/folhadopirajucara.com.br\/index.php\/2020\/04\/19\/gilberto-bomba-e-uma-das-apostas-do-dem-ao-legislativo-embuense\/","title":{"rendered":"Gilberto Bomba \u00e9 uma das apostas do DEM ao Legislativo embuense"},"content":{"rendered":"<p>Entre an\u00fancios de ades\u00f5es, e pr\u00e9-candidaturas a vereador, a legenda do DEM embuense segue bastante movimentado.<\/p>\n<p>E a renova\u00e7\u00e3o na C\u00e2mara de Embu das Artes, t\u00e3o requisitada nas ruas da cidade, come\u00e7a a tomar propor\u00e7\u00e3o maior. V\u00e1rios nomes em destaque vem do DEM, grupo oposicionista na cidade.<\/p>\n<p>Um dos nomes em destaque do DEM embuense, \u00e9 a do l\u00edder comunit\u00e1rio Gilberto Bomba, que j\u00e1 divulga pela cidade a sua pr\u00e9-candidatura a vereador pela cidade, e com o apoio do Deputado Estadual Milton Leite e do coordenador estadual Dolirio Lamonica Teixeira, coordenador pol\u00edtico de Maurren Maggi.<\/p>\n<p>Dr. J\u00e2nio Costa, presidente da Executiva Municipal do DEM de Embu das Artes, declara que nomes como de Gilberto Bomba qualifica ainda mais o grupo de pr\u00e9-candidatos a vereador do Democratas para as elei\u00e7\u00f5es deste ano. &#8220;Gilberto Bomba \u00e9 um dos nossos pr\u00e9-candidatos, um l\u00edder comunit\u00e1rio s\u00e9rio e trabalhador e vai nos ajudar bastante a ter uma bancada forte na C\u00e2mara Municipal&#8221;, afirmou Dr. J\u00e2nio. O Democratas tem um time fechado de pr\u00e9-candidaturas a vereador.<\/p>\n","protected":false},"excerpt":{"rendered":"<p>Entre an\u00fancios de ades\u00f5es, e pr\u00e9-candidaturas a vereador, a legenda do DEM embuense segue bastante movimentado. E a renova\u00e7\u00e3o na<\/p>\n","protected":false},"author":3,"featured_media":2674,"comment_status":"open","ping_status":"open","sticky":false,"template":"","format":"standard","meta":{"footnotes":""},"categories":[1,15,4],"tags":[],"class_list":["post-2673","post","type-post","status-publish","format-standard","has-post-thumbnail","hentry","category-destaque","category-embu-das-artes","category-noticias"],"_links":{"self":[{"href":"https:\/\/folhadopirajucara.com.br\/index.php\/wp-json\/wp\/v2\/posts\/2673"}],"collection":[{"href":"https:\/\/folhadopirajucara.com.br\/index.php\/wp-json\/wp\/v2\/posts"}],"about":[{"href":"https:\/\/folhadopirajucara.com.br\/index.php\/wp-json\/wp\/v2\/types\/post"}],"author":[{"embeddable":true,"href":"https:\/\/folhadopirajucara.com.br\/index.php\/wp-json\/wp\/v2\/users\/3"}],"replies":[{"embeddable":true,"href":"https:\/\/folhadopirajucara.com.br\/index.php\/wp-json\/wp\/v2\/comments?post=2673"}],"version-history":[{"count":0,"href":"https:\/\/folhadopirajucara.com.br\/index.php\/wp-json\/wp\/v2\/posts\/2673\/revisions"}],"wp:featuredmedia":[{"embeddable":true,"href":"https:\/\/folhadopirajucara.com.br\/index.php\/wp-json\/wp\/v2\/media\/2674"}],"wp:attachment":[{"href":"https:\/\/folhadopirajucara.com.br\/index.php\/wp-json\/wp\/v2\/media?parent=2673"}],"wp:term":[{"taxonomy":"category","embeddable":true,"href":"https:\/\/folhadopirajucara.com.br\/index.php\/wp-json\/wp\/v2\/categories?post=2673"},{"taxonomy":"post_tag","embeddable":true,"href":"https:\/\/folhadopirajucara.com.br\/index.php\/wp-json\/wp\/v2\/tags?post=2673"}],"curies":[{"name":"wp","href":"https:\/\/api.w.org\/{rel}","templated":true}]}}