{"id":2683,"date":"2020-04-26T17:32:52","date_gmt":"2020-04-26T20:32:52","guid":{"rendered":"http:\/\/folhadopirajucara.com.br\/?p=2683"},"modified":"2020-04-26T17:32:52","modified_gmt":"2020-04-26T20:32:52","slug":"alemao-do-povo-combate-coronavirus-no-embu-das-artes","status":"publish","type":"post","link":"https:\/\/folhadopirajucara.com.br\/index.php\/2020\/04\/26\/alemao-do-povo-combate-coronavirus-no-embu-das-artes\/","title":{"rendered":"Alem\u00e3o do povo combate Coronav\u00edrus no Embu das Artes"},"content":{"rendered":"<p>No \u00faltimo dia 23\/04, o bairro do Vale Verde, em Embu das Artes, foi palco de uma A\u00e7\u00e3o Social contra o Covid 19.<\/p>\n<p>Organizada pelo l\u00edder comunit\u00e1rio Israel Souza, popular Alem\u00e3o do Vale Verde, a A\u00e7\u00e3o Social teve por objetivo a higieniza\u00e7\u00e3o, de escadarias, corrim\u00f5es e cal\u00e7adas das ruas do bairro, parte da Rua Siqueira C\u00e9sar, chegando aos pr\u00e9dios do CDHU do Vale Verde.<\/p>\n<p>Alem\u00e3o do Vale Verde, juntamente com os amigos Nino e Didi, iniciaram a higieniza\u00e7\u00e3o, que teve como componentes, \u00e1gua sanit\u00e1ria, \u00e1lcool e desinfetante.<\/p>\n<p>Pulverizando o produto nos locais devidamente autorizados pelos moradores, teve in\u00edcio por volta das 13hs at\u00e9 \u00e1s 18hs.<\/p>\n<p>De acordo com Alem\u00e3o, a inciativa foi motivada pela morte de um amigo vizinho pelo Coronav\u00edrus.<\/p>\n<p>\u201cEnquanto nossos governantes e autoridades ficam fazendo politicagem com a Sa\u00fade do povo tem gente morrendo por conta desse Coronav\u00edrus. Sei que nossa iniciativa \u00e9 pequena, mais estamos tentando fazer alguma coisa pelo povo\u201d, disse ele.<\/p>\n<p>As fam\u00edlias beneficiadas pela higieniza\u00e7\u00e3o sanit\u00e1ria, n\u00e3o tiveram nenhum custo pela a\u00e7\u00e3o.<\/p>\n","protected":false},"excerpt":{"rendered":"<p>No \u00faltimo dia 23\/04, o bairro do Vale Verde, em Embu das Artes, foi palco de uma A\u00e7\u00e3o Social contra<\/p>\n","protected":false},"author":3,"featured_media":2684,"comment_status":"open","ping_status":"open","sticky":false,"template":"","format":"standard","meta":{"footnotes":""},"categories":[1,15,4],"tags":[],"class_list":["post-2683","post","type-post","status-publish","format-standard","has-post-thumbnail","hentry","category-destaque","category-embu-das-artes","category-noticias"],"_links":{"self":[{"href":"https:\/\/folhadopirajucara.com.br\/index.php\/wp-json\/wp\/v2\/posts\/2683"}],"collection":[{"href":"https:\/\/folhadopirajucara.com.br\/index.php\/wp-json\/wp\/v2\/posts"}],"about":[{"href":"https:\/\/folhadopirajucara.com.br\/index.php\/wp-json\/wp\/v2\/types\/post"}],"author":[{"embeddable":true,"href":"https:\/\/folhadopirajucara.com.br\/index.php\/wp-json\/wp\/v2\/users\/3"}],"replies":[{"embeddable":true,"href":"https:\/\/folhadopirajucara.com.br\/index.php\/wp-json\/wp\/v2\/comments?post=2683"}],"version-history":[{"count":0,"href":"https:\/\/folhadopirajucara.com.br\/index.php\/wp-json\/wp\/v2\/posts\/2683\/revisions"}],"wp:featuredmedia":[{"embeddable":true,"href":"https:\/\/folhadopirajucara.com.br\/index.php\/wp-json\/wp\/v2\/media\/2684"}],"wp:attachment":[{"href":"https:\/\/folhadopirajucara.com.br\/index.php\/wp-json\/wp\/v2\/media?parent=2683"}],"wp:term":[{"taxonomy":"category","embeddable":true,"href":"https:\/\/folhadopirajucara.com.br\/index.php\/wp-json\/wp\/v2\/categories?post=2683"},{"taxonomy":"post_tag","embeddable":true,"href":"https:\/\/folhadopirajucara.com.br\/index.php\/wp-json\/wp\/v2\/tags?post=2683"}],"curies":[{"name":"wp","href":"https:\/\/api.w.org\/{rel}","templated":true}]}}