{"id":2820,"date":"2020-05-30T19:47:30","date_gmt":"2020-05-30T22:47:30","guid":{"rendered":"http:\/\/folhadopirajucara.com.br\/?p=2820"},"modified":"2020-05-30T19:47:30","modified_gmt":"2020-05-30T22:47:30","slug":"taboao-da-serra-distribui-mais-de-2-360-cestas-basicas-para-idosos","status":"publish","type":"post","link":"https:\/\/folhadopirajucara.com.br\/index.php\/2020\/05\/30\/taboao-da-serra-distribui-mais-de-2-360-cestas-basicas-para-idosos\/","title":{"rendered":"Tabo\u00e3o da Serra distribui mais de 2.360 cestas b\u00e1sicas para idosos"},"content":{"rendered":"<blockquote>\n<h2 style=\"text-align: center;\"><strong>2.364 idosos em situa\u00e7\u00e3o de vulnerabilidade receberam cestas b\u00e1sicas da Secretaria de Assist\u00eancia Social de Tabo\u00e3o da Serra<\/strong><\/h2>\n<\/blockquote>\n<p>&nbsp;<\/p>\n<p>A Prefeitura de Tabo\u00e3o da Serra, por meio da Secretaria de Assist\u00eancia Social realizou a entrega de 2.364 cestas b\u00e1sicas aos idosos que est\u00e3o em situa\u00e7\u00e3o de vulnerabilidade social e baixa renda neste per\u00edodo de combate ao novo coronav\u00edrus (Covid19). A distribui\u00e7\u00e3o ocorreu nos oito CRAS (Centro de Refer\u00eancia da Assist\u00eancia Social) da cidade.\u00a0 As cestas foram doadas pelo Conselho Municipal do Idoso (CMI) que deliberou o uso do Fundo Municipal do Idoso como auxilio emergencial na atual situa\u00e7\u00e3o de pandemia.<\/p>\n<p>Segundo a secret\u00e1ria de Assist\u00eancia Social, Arlete Silva, a entrega dos kits \u00e9 garantir alimenta\u00e7\u00e3o dos idosos em situa\u00e7\u00e3o de vulnerabilidade social durante o per\u00edodo de quarentena. \u201cGostaria de agradecer em nome do nosso governo, o Conselho Municipal do Idoso, a todos os membros que votaram a favor da libera\u00e7\u00e3o da verba para ajudar as fam\u00edlias nesse momento dif\u00edcil\u201d, disse.<\/p>\n<p>A entrega foi realizada nos oito CRAS para evitar aglomera\u00e7\u00e3o, como estrat\u00e9gia de combate \u00e0 Covid-19 e em respeito \u00e0s normas de isolamento social. Os benefici\u00e1rios s\u00e3o idosos cadastrados junto aos CRAS, que participam de alguma atividade ou frequentam servi\u00e7os ofertados pelas unidades.\u00a0Os kits cont\u00eam: arroz, feij\u00e3o, macarr\u00e3o, \u00f3leo, sal, a\u00e7\u00facar, caf\u00e9, farinha de trigo, sardinha, extrato de tomate e produtos de higiene pessoal.<\/p>\n<p>O objetivo \u00e9 evitar o deslocamento de pessoas contribuindo com as medidas de preven\u00e7\u00e3o que \u00e9 evitar aglomera\u00e7\u00f5es, favorecer o distanciamento de pessoas e garantir que a necessidade das fam\u00edlias seja atendida, os alimentos cheguem \u00e0 mesa de quem realmente precisa.<\/p>\n<p style=\"text-align: center;\"><strong>Cuidados (Covid19)<\/strong><\/p>\n<p style=\"text-align: center;\"><strong>Prote\u00e7\u00e3o<\/strong><\/p>\n<p>Lave as m\u00e3os frequentemente com \u00e1gua e sab\u00e3o e use antiss\u00e9ptico de m\u00e3os \u00e0 base de \u00e1lcool em gel 70% principalmente ap\u00f3s tossir ou espirrar; depois de cuidar de pessoas doentes; antes e depois de comer e ap\u00f3s ir ao banheiro.<\/p>\n<p style=\"text-align: center;\"><strong>Ao tossir ou espirrar<\/strong><\/p>\n<p>Cubra a boca e o nariz. Use os bra\u00e7os ou len\u00e7o descart\u00e1vel. Evite usar as m\u00e3os. E, se usar, lembre-se de lavar bem com \u00e1gua e sab\u00e3o;<\/p>\n<p>Se usar um len\u00e7o, jogue-o fora imediatamente e lave as m\u00e3os;<\/p>\n<p>Use, preferencialmente, len\u00e7os descart\u00e1veis.<\/p>\n<p style=\"text-align: center;\"><strong>Preven\u00e7\u00e3o<\/strong><\/p>\n<p>Evite ficar em contato pr\u00f3ximo a pessoas com febre e tosse;<\/p>\n<p>Procure um servi\u00e7o m\u00e9dico se apresentar sintomas como febre, tosse e dificuldade de respirar.<\/p>\n","protected":false},"excerpt":{"rendered":"<p>2.364 idosos em situa\u00e7\u00e3o de vulnerabilidade receberam cestas b\u00e1sicas da Secretaria de Assist\u00eancia Social de Tabo\u00e3o da Serra &nbsp; A<\/p>\n","protected":false},"author":3,"featured_media":2821,"comment_status":"open","ping_status":"open","sticky":false,"template":"","format":"standard","meta":{"footnotes":""},"categories":[1,4,10],"tags":[],"class_list":["post-2820","post","type-post","status-publish","format-standard","has-post-thumbnail","hentry","category-destaque","category-noticias","category-taboao-da-serra"],"_links":{"self":[{"href":"https:\/\/folhadopirajucara.com.br\/index.php\/wp-json\/wp\/v2\/posts\/2820"}],"collection":[{"href":"https:\/\/folhadopirajucara.com.br\/index.php\/wp-json\/wp\/v2\/posts"}],"about":[{"href":"https:\/\/folhadopirajucara.com.br\/index.php\/wp-json\/wp\/v2\/types\/post"}],"author":[{"embeddable":true,"href":"https:\/\/folhadopirajucara.com.br\/index.php\/wp-json\/wp\/v2\/users\/3"}],"replies":[{"embeddable":true,"href":"https:\/\/folhadopirajucara.com.br\/index.php\/wp-json\/wp\/v2\/comments?post=2820"}],"version-history":[{"count":0,"href":"https:\/\/folhadopirajucara.com.br\/index.php\/wp-json\/wp\/v2\/posts\/2820\/revisions"}],"wp:featuredmedia":[{"embeddable":true,"href":"https:\/\/folhadopirajucara.com.br\/index.php\/wp-json\/wp\/v2\/media\/2821"}],"wp:attachment":[{"href":"https:\/\/folhadopirajucara.com.br\/index.php\/wp-json\/wp\/v2\/media?parent=2820"}],"wp:term":[{"taxonomy":"category","embeddable":true,"href":"https:\/\/folhadopirajucara.com.br\/index.php\/wp-json\/wp\/v2\/categories?post=2820"},{"taxonomy":"post_tag","embeddable":true,"href":"https:\/\/folhadopirajucara.com.br\/index.php\/wp-json\/wp\/v2\/tags?post=2820"}],"curies":[{"name":"wp","href":"https:\/\/api.w.org\/{rel}","templated":true}]}}