{"id":283,"date":"2018-07-30T13:54:26","date_gmt":"2018-07-30T15:54:26","guid":{"rendered":"http:\/\/folhadopirajucara.com.br\/?p=283"},"modified":"2018-07-30T13:54:26","modified_gmt":"2018-07-30T15:54:26","slug":"a-criminalizacao-da-pobreza","status":"publish","type":"post","link":"https:\/\/folhadopirajucara.com.br\/index.php\/2018\/07\/30\/a-criminalizacao-da-pobreza\/","title":{"rendered":"A criminaliza\u00e7\u00e3o da pobreza"},"content":{"rendered":"<figure id=\"attachment_284\" aria-describedby=\"caption-attachment-284\" style=\"width: 277px\" class=\"wp-caption aligncenter\"><img loading=\"lazy\" decoding=\"async\" class=\"wp-image-284 size-full\" src=\"https:\/\/folhadopirajucara.com.br\/wp-content\/uploads\/2018\/07\/Marta.jpg\" alt=\"\" width=\"277\" height=\"271\" \/><figcaption id=\"caption-attachment-284\" class=\"wp-caption-text\">Marta Monteiro Assistente Social Life Coach coachmmonteiro@gmail.com<\/figcaption><\/figure>\n<p>O Brasil enfrenta, como \u00e9 sabido e sentido por muitos de n\u00f3s, uma crise sem precedentes, com reflexos diretos nos servi\u00e7os p\u00fablicos essenciais oferecidos, ou melhor, negados a uma popula\u00e7\u00e3o carente e sem perspectiva de melhora.<\/p>\n<p>O desemprego \u00e9 outro recorte que esfrega na nossa cara uma realidade dura, um fantasma que mora hoje junto de muitas fam\u00edlias, seja sob um teto, seja nas ruas.<\/p>\n<p>Junto com o desemprego vem um combo pesado de se levar pois , por vezes a perda da moradia obriga pessoas e \u00e0s vezes fam\u00edlias inteiras a irem para a rua; fomenta o subemprego, au\u00admento da viol\u00eancia, da fome, das enfermidades e outras tantas mazelas que a sociedade est\u00e1 se habituando a viver, mas que n\u00e3o deveria, pois \u00e9 algo que n\u00e3o \u00e9 natural. O ser humano n\u00e3o nasceu pra viver \u00e0 margem da vida.<\/p>\n<p>Com o desmonte das pol\u00edticas assistenciais e da sa\u00fade surge uma legi\u00e3o de exclu\u00eddos, e essa exclus\u00e3o \u00e9 cruel, porque ela exclui da vida em comunidade. Torna as pessoas invis\u00edveis.<\/p>\n<p>Estamos vivendo um retrocesso, recentemente na regi\u00e3o oeste de S\u00e3o Paulo, em Pinheiros uma m\u00e3e com um beb\u00ea de colo foi presa porque pedia esmola.<\/p>\n<p>Muitos dos leitores, j\u00e1 estar\u00e3o tecendo um julgamento a respei\u00adto da m\u00e3e. N\u00e3o \u00e9 esse o ponto.<\/p>\n<p>A pobreza \u00e9 uma das manifesta\u00e7\u00f5es da quest\u00e3o social. Na d\u00e9\u00adcada de 30, o Brasil vivia o processo da industrializa\u00e7\u00e3o, a consolida\u00e7\u00e3o do capitalismo e o crescimento do proletariado e paralelo a tudo isso, houve um acirramento dos conflitos entre patr\u00f5es e empregados.<\/p>\n<p>Coube ent\u00e3o ao Governo Vargas n\u00e3o mais tratar a quest\u00e3o so\u00adcial e todas suas manifesta\u00e7\u00f5es como caso de pol\u00edcia e sim como pol\u00edtica de governo que visava atender as reivindica\u00e7\u00f5es por melhores condi\u00e7\u00f5es de vida e de trabalho do trabalhador.<\/p>\n<p>E hoje vivemos o que? Exatamente o contr\u00e1rio: como j\u00e1 falei no in\u00edcio, hoje a realidade \u00e9 o desmonte e a precariza\u00e7\u00e3o dos servi\u00e7os p\u00fablicos, das rela\u00e7\u00f5es trabalhistas e da criminaliza\u00e7\u00e3o da pobreza, na culpabiliza\u00e7\u00e3o da pessoa pela situa\u00e7\u00e3o que vive.<\/p>\n<p>Embora o contexto hoje seja da globaliza\u00e7\u00e3o, da mercantiliza\u00ad\u00e7\u00e3o a quest\u00e3o social \u00e9 a mesma: apropria\u00e7\u00e3o desigual da rique\u00adza produzida, que gera desigualdade social e seus frutos.<\/p>\n<p>\u00c9 verdade que o desemprego tamb\u00e9m pode ser uma alavanca para o in\u00edcio de uma outra hist\u00f3ria: o empreendedorismo. Mas esta \u00e9 uma outra hist\u00f3ria.<\/p>\n<p>&nbsp;<\/p>\n<p>&nbsp;<\/p>\n<p style=\"text-align: center;\">\n","protected":false},"excerpt":{"rendered":"<p>O Brasil enfrenta, como \u00e9 sabido e sentido por muitos de n\u00f3s, uma crise sem precedentes, com reflexos diretos nos<\/p>\n","protected":false},"author":3,"featured_media":284,"comment_status":"open","ping_status":"open","sticky":false,"template":"","format":"standard","meta":{"footnotes":""},"categories":[4,5],"tags":[],"class_list":["post-283","post","type-post","status-publish","format-standard","has-post-thumbnail","hentry","category-noticias","category-pauta-livre"],"_links":{"self":[{"href":"https:\/\/folhadopirajucara.com.br\/index.php\/wp-json\/wp\/v2\/posts\/283"}],"collection":[{"href":"https:\/\/folhadopirajucara.com.br\/index.php\/wp-json\/wp\/v2\/posts"}],"about":[{"href":"https:\/\/folhadopirajucara.com.br\/index.php\/wp-json\/wp\/v2\/types\/post"}],"author":[{"embeddable":true,"href":"https:\/\/folhadopirajucara.com.br\/index.php\/wp-json\/wp\/v2\/users\/3"}],"replies":[{"embeddable":true,"href":"https:\/\/folhadopirajucara.com.br\/index.php\/wp-json\/wp\/v2\/comments?post=283"}],"version-history":[{"count":0,"href":"https:\/\/folhadopirajucara.com.br\/index.php\/wp-json\/wp\/v2\/posts\/283\/revisions"}],"wp:featuredmedia":[{"embeddable":true,"href":"https:\/\/folhadopirajucara.com.br\/index.php\/wp-json\/wp\/v2\/media\/284"}],"wp:attachment":[{"href":"https:\/\/folhadopirajucara.com.br\/index.php\/wp-json\/wp\/v2\/media?parent=283"}],"wp:term":[{"taxonomy":"category","embeddable":true,"href":"https:\/\/folhadopirajucara.com.br\/index.php\/wp-json\/wp\/v2\/categories?post=283"},{"taxonomy":"post_tag","embeddable":true,"href":"https:\/\/folhadopirajucara.com.br\/index.php\/wp-json\/wp\/v2\/tags?post=283"}],"curies":[{"name":"wp","href":"https:\/\/api.w.org\/{rel}","templated":true}]}}