{"id":2857,"date":"2020-06-11T21:00:33","date_gmt":"2020-06-12T00:00:33","guid":{"rendered":"http:\/\/folhadopirajucara.com.br\/?p=2857"},"modified":"2020-06-11T21:00:33","modified_gmt":"2020-06-12T00:00:33","slug":"embu-das-artes-ou-sucatolandia","status":"publish","type":"post","link":"https:\/\/folhadopirajucara.com.br\/index.php\/2020\/06\/11\/embu-das-artes-ou-sucatolandia\/","title":{"rendered":"Embu das Artes ou Sucatol\u00e2ndia?"},"content":{"rendered":"<p>Embu das Artes, cidade das artimanhas. Toda semana uma nova not\u00edcia forte explode. Agora vemos nossa cidade envolvida em um novo esc\u00e2ndalo: A venda de ve\u00edculos da prefeitura como sucata.<br \/>\nO Secret\u00e1rio de Servi\u00e7os Urbanos parece ter resolvido fazer de nossa cidade uma verdadeira Sucatol\u00e2ndia. Logo seremos conhecidos como a cidade da sucata ao inv\u00e9s da t\u00e3o bela e maravilhosa cidade das Artes.<br \/>\nExplodiu nos \u00faltimos dias a not\u00edcias da venda de ve\u00edculos na prefeitura como sucata. As minhas pergunta s\u00e3o: Por que um funcion\u00e1rio da frente de trabalho estava na dire\u00e7\u00e3o de um ve\u00edculo municipal, se ele n\u00e3o era contratado como motorista? a segunda pergunta: Por que esse ve\u00edculo foi vendido como sucata quando pegou fogo, quem avaliou e assinou para essa venda ser feita?<br \/>\nVale lembrar ainda, um outro fato que voltou \u00e0 tona: A compra de parafuso para caminh\u00f5es no valor de R$ 2000 cada um, levando em considera\u00e7\u00e3o pre\u00e7o do parafuso, qual seria o valor deste caminh\u00e3o?<br \/>\nIsso nos faz pensar quantos outros ve\u00edculos e bens da prefeitura n\u00e3o foram vendido como sucata e a popula\u00e7\u00e3o n\u00e3o teve acesso a essas informa\u00e7\u00f5es. Mas como diz o ditado toda trama tem seu come\u00e7o, meio e fim. A pergunta final que eu fa\u00e7o \u00e9: Ser\u00e1 que estamos no meio ou no fim desta novela mexicana? Esperamos as pr\u00f3ximas cenas dessa novela pronto falei indigna\u00e7\u00e3o cada dia mais.<\/p>\n<p>&nbsp;<\/p>\n<h5 style=\"text-align: center;\"><strong>Sirlene Ferreira<\/strong><\/h5>\n<h5 style=\"text-align: center;\"><strong>Patrulheira em defesa do povo embuense<\/strong><\/h5>\n","protected":false},"excerpt":{"rendered":"<p>Embu das Artes, cidade das artimanhas. Toda semana uma nova not\u00edcia forte explode. Agora vemos nossa cidade envolvida em um<\/p>\n","protected":false},"author":3,"featured_media":2858,"comment_status":"open","ping_status":"open","sticky":false,"template":"","format":"standard","meta":{"footnotes":""},"categories":[1,15,4,7],"tags":[],"class_list":["post-2857","post","type-post","status-publish","format-standard","has-post-thumbnail","hentry","category-destaque","category-embu-das-artes","category-noticias","category-refletindo"],"_links":{"self":[{"href":"https:\/\/folhadopirajucara.com.br\/index.php\/wp-json\/wp\/v2\/posts\/2857"}],"collection":[{"href":"https:\/\/folhadopirajucara.com.br\/index.php\/wp-json\/wp\/v2\/posts"}],"about":[{"href":"https:\/\/folhadopirajucara.com.br\/index.php\/wp-json\/wp\/v2\/types\/post"}],"author":[{"embeddable":true,"href":"https:\/\/folhadopirajucara.com.br\/index.php\/wp-json\/wp\/v2\/users\/3"}],"replies":[{"embeddable":true,"href":"https:\/\/folhadopirajucara.com.br\/index.php\/wp-json\/wp\/v2\/comments?post=2857"}],"version-history":[{"count":0,"href":"https:\/\/folhadopirajucara.com.br\/index.php\/wp-json\/wp\/v2\/posts\/2857\/revisions"}],"wp:featuredmedia":[{"embeddable":true,"href":"https:\/\/folhadopirajucara.com.br\/index.php\/wp-json\/wp\/v2\/media\/2858"}],"wp:attachment":[{"href":"https:\/\/folhadopirajucara.com.br\/index.php\/wp-json\/wp\/v2\/media?parent=2857"}],"wp:term":[{"taxonomy":"category","embeddable":true,"href":"https:\/\/folhadopirajucara.com.br\/index.php\/wp-json\/wp\/v2\/categories?post=2857"},{"taxonomy":"post_tag","embeddable":true,"href":"https:\/\/folhadopirajucara.com.br\/index.php\/wp-json\/wp\/v2\/tags?post=2857"}],"curies":[{"name":"wp","href":"https:\/\/api.w.org\/{rel}","templated":true}]}}